{"id":2976,"date":"2020-10-19T01:33:47","date_gmt":"2020-10-18T23:33:47","guid":{"rendered":"https:\/\/sucurriculum.com\/noticias\/?p=2976"},"modified":"2020-10-19T01:33:48","modified_gmt":"2020-10-18T23:33:48","slug":"los-presupuestos-de-2021-ingresaran-7-000-millones","status":"publish","type":"post","link":"https:\/\/sucurriculum.com\/noticias\/los-presupuestos-de-2021-ingresaran-7-000-millones\/","title":{"rendered":"Los Presupuestos de 2021 ingresar\u00e1n 7.000 millones"},"content":{"rendered":"\n<p>El Gobierno va a incluir en los Presupuestos Generales del Estado de 2021 la subida del IVA de las bebidas azucaradas y edulcoradas del 10 al 21%, con el objetivo de \u00abfavorecer h\u00e1bitos saludables\u00bb, seg\u00fan ha informado el Ministerio de Hacienda respecto al plan remitido este jueves a Bruselas. Asimismo, introducir\u00e1 una revalorizaci\u00f3n de las pensiones \u00aben funci\u00f3n de la previsi\u00f3n del IPC\u00bb, alza que no detalla pero que conllevar\u00e1 un gasto de 1.439 millones de euros.<\/p>\n\n\n\n<p>El plan presupuestario recoge as\u00ed una subida de las pensiones que podr\u00eda ser del 0,9% -igual que la de 2020- si se toma como referencia el deflactor del PIB para 2021 incluido en el cuadro macro.<\/p>\n\n\n\n<p>Adem\u00e1s de las pensiones, el plan contempla un gasto de 3.000 millones para afrontar el pago del ingreso m\u00ednimo vital (IMV), as\u00ed como de 307 millones para la ampliaci\u00f3n del permiso de paternidad de 12 a 16 semanas, con lo que se equipara ya completamente con el de maternidad.<\/p>\n\n\n\n<p>El documento recoge, adem\u00e1s, una transferencia del Estado a la Seguridad Social por una cuant\u00eda de 13.929 millones de euros para cubrir, entre otros, parte de los gastos impropios que asum\u00eda el sistema.<\/p>\n\n\n\n<p>La intenci\u00f3n del Gobierno es culminar el proceso de separaci\u00f3n de fuentes de financiaci\u00f3n de la protecci\u00f3n contributiva y no contributiva de la Seguridad Social, con el objetivo de recuperar el equilibrio financiero en el corto plazo.<\/p>\n\n\n\n<p>Estas medidas se sumar\u00e1n a otros cambios fiscales ya conocidos, como la entrada en vigor de los nuevos impuestos digital y financiero, la creaci\u00f3n del impuesto sobre envases de pl\u00e1stico de un solo uso -que ya ha superado el tr\u00e1mite de informaci\u00f3n p\u00fablica- o las medidas incluidas en el proyecto de ley frente al fraude fiscal aprobado esta semana.<\/p>\n\n\n\n<p>El impacto estimado del conjunto de medidas fiscales se sit\u00faa en 6.847 millones de euros en 2021 y en 2.323 millones en 2022 en criterio de caja, seg\u00fan consta en el plan.<\/p>\n\n\n\n<h4 class=\"wp-block-heading\">Aumento en los ingresos<\/h4>\n\n\n\n<p>El documento contempla que la ratio de ingresos sobre el PIB se sit\u00fae en 2021 en el 40,3 %, frente al 41,7 % de 2020, un descenso de la ratio que se explica por el mayor aumento del PIB el pr\u00f3ximo a\u00f1o, ya que en t\u00e9rminos absolutos los ingresos en 2021 se incrementar\u00e1n en 33.447 millones de euros.<\/p>\n\n\n\n<p>La subida de los ingresos p\u00fablicos se debe a la mejora de la econom\u00eda y la actividad y, en menor medida, a las medidas fiscales que se aplicar\u00e1n a partir del pr\u00f3ximo ejercicio.<\/p>\n\n\n\n<p>La ratio de gasto sobre PIB pasar\u00e1 del 53 % en 2020 al 48 % en 2021, aunque en t\u00e9rminos absolutos supondr\u00e1 2.419 millones m\u00e1s en un a\u00f1o en el que los fondos europeos y las transferencias extraordinarias a comunidades aut\u00f3nomas y Seguridad Social elevar\u00e1n el techo de gasto a un r\u00e9cord de 196.097 millones.<\/p>\n\n\n\n<h4 class=\"wp-block-heading\">Pensiones y paternidad<\/h4>\n\n\n\n<p>El plan recoge medidas de gasto como la revalorizaci\u00f3n de las pensiones en 2021 seg\u00fan la inflaci\u00f3n prevista, el aumento gradual del permiso de paternidad de 12 a 16 semanas o la consolidaci\u00f3n del Ingreso M\u00ednimo Vital puesto en marcha a mediados de 2020.<\/p>\n\n\n\n<p>Hacienda recuerda que los presupuestos de 2021 incluir\u00e1n 25.000 millones de transferencias del Mecanismo de Recuperaci\u00f3n y Resiliencia de la UE y 2.436 millones del programa REACT-EU que se destinan al Ministerio de Sanidad para repartirlo despu\u00e9s entre los territorios para la adquisici\u00f3n de vacunas, reforzar la atenci\u00f3n primaria o renovar el material y equipamiento sanitario.<\/p>\n\n\n\n<p>Al respecto, se\u00f1ala que los fondos europeos incrementan el techo de gasto, pero no tienen impacto en el d\u00e9ficit p\u00fablico porque se reconocen como un ingreso.<\/p>\n\n\n\n<p>El documento recoge que el d\u00e9ficit en 2021 se situar\u00e1 en una tasa de referencia del 7,7% del PIB, lo que supone uno de los mayores descensos de la serie con una ca\u00edda de 3,6 puntos respecto al dato r\u00e9cord que se registrar\u00e1 en 2020.<\/p>\n\n\n\n<p>Como adelant\u00f3 la ministra de Hacienda, Mar\u00eda Jes\u00fas Montero, el Estado aprobar\u00e1 unas transferencias extraordinarias de 18.396 millones de euros para la Seguridad Social y de 13.486 millones para las Comunidades Aut\u00f3nomas con vistas a reducir el d\u00e9ficit de estos subsectores.<\/p>\n\n\n\n<p>De esta forma, la tasa de referencia final de la Administraci\u00f3n Central ser\u00e1 del 5,2%, la de las autonom\u00edas del 1,1%, la de la Seguridad Social del 1,3% y la de las entidades locales del 0,1%<\/p>\n\n\n\n<h4 class=\"wp-block-heading\">Medidas Covid<\/h4>\n\n\n\n<p>El plan presupuestario detalla el impacto de las medidas aprobadas por el Gobierno este a\u00f1o para hacer frente a los efectos econ\u00f3micos de la pandemia, por un total de 210.910 millones, incluyendo distintas l\u00edneas de avales y garant\u00edas por valor de 144.400 millones.<\/p>\n\n\n\n<p>Se suman 65.588 millones en medidas para las empresas y los colectivos m\u00e1s vulnerables.<\/p>\n\n\n\n<p>El plan recoge tambi\u00e9n las estimaciones macroecon\u00f3micas del Gobierno ya publicadas, que apuntan a una ca\u00edda del PIB del 11,2% este a\u00f1o, con un repunte del crecimiento del 7,2% para 2021, una cifra que podr\u00eda alcanzar el 9,8% cuando se incluya el impacto del Plan de Recuperaci\u00f3n, Transformaci\u00f3n y Resiliencia \u00abque aportar\u00e1 un mayor dinamismo de la inversi\u00f3n, el consumo privado, las exportaciones y el empleo\u00bb.<\/p>\n\n\n\n<p>La tasa de paro se reducir\u00e1 hasta el 16,3% el a\u00f1o que viene, frente al 17,1% previsto para el cierre de 2020.<\/p>\n","protected":false},"excerpt":{"rendered":"<p>El Gobierno va a incluir en los Presupuestos Generales del Estado de 2021 la subida del IVA de las bebidas azucaradas y edulcoradas del 10 al 21%, con el objetivo de \u00abfavorecer h\u00e1bitos saludables\u00bb.<\/p>\n","protected":false},"author":2,"featured_media":2977,"comment_status":"open","ping_status":"open","sticky":false,"template":"","format":"standard","meta":{"footnotes":""},"categories":[66],"tags":[662,1789,43,1790,1788,1664,1792,320,40,1787,1791,1070],"class_list":["post-2976","post","type-post","status-publish","format-standard","has-post-thumbnail","hentry","category-noticias-actualidad","tag-662","tag-1789","tag-fraude","tag-google","tag-ingresaran","tag-iva","tag-lucha","tag-mas","tag-millones","tag-presupuestos","tag-refrescos","tag-tasa"],"amp_enabled":true,"_links":{"self":[{"href":"https:\/\/sucurriculum.com\/noticias\/wp-json\/wp\/v2\/posts\/2976","targetHints":{"allow":["GET"]}}],"collection":[{"href":"https:\/\/sucurriculum.com\/noticias\/wp-json\/wp\/v2\/posts"}],"about":[{"href":"https:\/\/sucurriculum.com\/noticias\/wp-json\/wp\/v2\/types\/post"}],"author":[{"embeddable":true,"href":"https:\/\/sucurriculum.com\/noticias\/wp-json\/wp\/v2\/users\/2"}],"replies":[{"embeddable":true,"href":"https:\/\/sucurriculum.com\/noticias\/wp-json\/wp\/v2\/comments?post=2976"}],"version-history":[{"count":1,"href":"https:\/\/sucurriculum.com\/noticias\/wp-json\/wp\/v2\/posts\/2976\/revisions"}],"predecessor-version":[{"id":2978,"href":"https:\/\/sucurriculum.com\/noticias\/wp-json\/wp\/v2\/posts\/2976\/revisions\/2978"}],"wp:featuredmedia":[{"embeddable":true,"href":"https:\/\/sucurriculum.com\/noticias\/wp-json\/wp\/v2\/media\/2977"}],"wp:attachment":[{"href":"https:\/\/sucurriculum.com\/noticias\/wp-json\/wp\/v2\/media?parent=2976"}],"wp:term":[{"taxonomy":"category","embeddable":true,"href":"https:\/\/sucurriculum.com\/noticias\/wp-json\/wp\/v2\/categories?post=2976"},{"taxonomy":"post_tag","embeddable":true,"href":"https:\/\/sucurriculum.com\/noticias\/wp-json\/wp\/v2\/tags?post=2976"}],"curies":[{"name":"wp","href":"https:\/\/api.w.org\/{rel}","templated":true}]}}