{"id":2973,"date":"2020-10-19T01:24:46","date_gmt":"2020-10-18T23:24:46","guid":{"rendered":"https:\/\/sucurriculum.com\/noticias\/?p=2973"},"modified":"2020-10-19T01:24:46","modified_gmt":"2020-10-18T23:24:46","slug":"mas-de-un-millon-de-autonomos-pagarian-menos-cuota-con-el-nuevo-sistema","status":"publish","type":"post","link":"https:\/\/sucurriculum.com\/noticias\/mas-de-un-millon-de-autonomos-pagarian-menos-cuota-con-el-nuevo-sistema\/","title":{"rendered":"M\u00e1s de un mill\u00f3n de aut\u00f3nomos pagar\u00edan menos cuota con el nuevo sistema"},"content":{"rendered":"\n<p>El Gobierno ha planteado una propuesta \u00abinicial\u00bb para que los aut\u00f3nomos coticen en funci\u00f3n de sus ingresos reales y que, seg\u00fan apunta el Ministerio de Inclusi\u00f3n, har\u00eda que m\u00e1s de un mill\u00f3n de trabajadores por cuenta propia, los que tienen rendimientos inferiores al salario m\u00ednimo interprofesional (SMI), vieran reducidas las cuotas que pagan a la Seguridad Social.<\/p>\n\n\n\n<p>Seg\u00fan ha informado el Ministerio de Inclusi\u00f3n tras la primera reuni\u00f3n sobre este tema con las asociaciones del sector, se ha planteado un esquema de tramos para que los trabajadores por cuenta propia elijan su base de cotizaci\u00f3n en funci\u00f3n de las previsiones de rendimientos que tendr\u00e1n cada a\u00f1o.<\/p>\n\n\n\n<p>Se tratar\u00eda de un sistema flexible, modificable a lo largo del ejercicio, y que se ajustar\u00eda un a\u00f1o despu\u00e9s: si se ha cotizado por encima se devolver\u00eda el exceso y de lo contrario, el trabajador abonar\u00eda la diferencia.<\/p>\n\n\n\n<p>Seg\u00fan los cruces que ha realizado el Ministerio de Inclusi\u00f3n con la Agencia Tributaria, en 2018 hab\u00eda 2,2 millones de aut\u00f3nomos con rendimientos de actividades econ\u00f3micas (RAE).<\/p>\n\n\n\n<h4 class=\"wp-block-heading\">Menos del m\u00ednimo<\/h4>\n\n\n\n<p>M\u00e1s de la mitad de ellos, a\u00f1ade la nota, tuvieron ese a\u00f1o unos rendimientos menores al salario m\u00ednimo interprofesional (SMI), por lo que su aportaci\u00f3n a la Seguridad Social \u00abser\u00eda menor\u00bb que la actual con el nuevo sistema.<\/p>\n\n\n\n<p>Seg\u00fan se\u00f1alan a Efe fuentes de la negociaci\u00f3n en esta primera reuni\u00f3n el Gobierno no ha detallado los tramos que, apuntan, podr\u00edan pasar por establecer uno para que los tengan rendimientos por debajo del SMI, inferior al m\u00ednimo actual, otro entre esa cifra y los 25.000 euros anuales y desde ah\u00ed ir a\u00f1adiendo escalones por cada 10.000 euros.<\/p>\n\n\n\n<p>Estos cambios, explican las mismas fuentes, pueden suponer que alrededor de un mill\u00f3n de aut\u00f3nomos con rendimientos inferiores al SMI vean reducida su cuota mientras que unos 700.000 pasar\u00e1n a pagar m\u00e1s.<\/p>\n\n\n\n<p>Actualmente, explica el Gobierno, la mayor parte de trabajadores aut\u00f3nomos (sin perjuicio de tener acceso a determinadas deducciones) eligen las bases de cotizaci\u00f3n para el c\u00e1lculo de las cuotas a la Seguridad Social y de las prestaciones, \u00abcon independencia de los rendimientos obtenidos de sus actividades econ\u00f3micas\u00bb.<\/p>\n\n\n\n<h4 class=\"wp-block-heading\">Base m\u00ednima<\/h4>\n\n\n\n<p>En 2019, por ejemplo, el 85 % de los aut\u00f3nomos cotiz\u00f3 por la base m\u00ednima, 944,4 euros al mes, es decir pagando una cuota de 286,15 euros. Tras esta primera reuni\u00f3n con el ministro de Inclusi\u00f3n, Jos\u00e9 Luis Escriv\u00e1, el presidente de ATA, Lorenzo Amor, ha expresado su rechazo al planteamiento del Gobierno que, ha apuntado, solo terminar\u00e1 afectando a 1,5 millones de aut\u00f3nomos, la mitad del colectivo, que son los que est\u00e1n en el sistema de estimaci\u00f3n directa, dejando fuera a societarios.<\/p>\n\n\n\n<p>De esta cifra, ha a\u00f1adido, la mitad, unos 700.000, ver\u00edan elevadas las cuotas que pagan.<\/p>\n\n\n\n<p>\u00abNo es el momento para eso\u00bb, ha criticado Amor que tacha el planteamiento del Gobierno de injusto.<\/p>\n\n\n\n<p>\u00abNo apoyamos un sistema como \u00e9ste, no es un sistema tampoco justo. Podemos encontrar un aut\u00f3nomo societario que gane m\u00e1s dinero que un aut\u00f3nomo persona f\u00edsica que este en estima directa (\u2026) pero que tenga menos cotizaci\u00f3n\u00bb, ha apuntado Amor.<\/p>\n\n\n\n<p>Por el contrario el presidente de UPTA, Eduardo Abad, se ha mostrado \u00absatisfecho\u00bb por el planteamiento del Gobierno que har\u00eda que en 2021, los aut\u00f3nomos con rendimientos inferiores a los vieran reducida su cuota.<\/p>\n\n\n\n<p>A la reuni\u00f3n tambi\u00e9n ha asistido la secretaria general de UATAE, Mar\u00eda Jos\u00e9 Landaburu.<\/p>\n\n\n\n<p>El Gobierno ha a\u00f1adido que esta ha sido la primera reuni\u00f3n sobre la adaptaci\u00f3n de la cotizaci\u00f3n de trabajadores aut\u00f3nomos a sus ingresos reales y que a partir de ahora se abre el di\u00e1logo con las asociaciones para consensuar el nuevo modelo.<\/p>\n","protected":false},"excerpt":{"rendered":"<p>El Gobierno ha planteado una propuesta \u00abinicial\u00bb para que los aut\u00f3nomos coticen en funci\u00f3n de sus ingresos reales.<\/p>\n","protected":false},"author":2,"featured_media":2974,"comment_status":"open","ping_status":"open","sticky":false,"template":"","format":"standard","meta":{"footnotes":""},"categories":[2],"tags":[490,1785,1783,679,1784,1786],"class_list":["post-2973","post","type-post","status-publish","format-standard","has-post-thumbnail","hentry","category-noticias","tag-autonomos-2","tag-cuota","tag-mas-millon","tag-nuevo","tag-pagarian","tag-sistema"],"amp_enabled":true,"_links":{"self":[{"href":"https:\/\/sucurriculum.com\/noticias\/wp-json\/wp\/v2\/posts\/2973","targetHints":{"allow":["GET"]}}],"collection":[{"href":"https:\/\/sucurriculum.com\/noticias\/wp-json\/wp\/v2\/posts"}],"about":[{"href":"https:\/\/sucurriculum.com\/noticias\/wp-json\/wp\/v2\/types\/post"}],"author":[{"embeddable":true,"href":"https:\/\/sucurriculum.com\/noticias\/wp-json\/wp\/v2\/users\/2"}],"replies":[{"embeddable":true,"href":"https:\/\/sucurriculum.com\/noticias\/wp-json\/wp\/v2\/comments?post=2973"}],"version-history":[{"count":1,"href":"https:\/\/sucurriculum.com\/noticias\/wp-json\/wp\/v2\/posts\/2973\/revisions"}],"predecessor-version":[{"id":2975,"href":"https:\/\/sucurriculum.com\/noticias\/wp-json\/wp\/v2\/posts\/2973\/revisions\/2975"}],"wp:featuredmedia":[{"embeddable":true,"href":"https:\/\/sucurriculum.com\/noticias\/wp-json\/wp\/v2\/media\/2974"}],"wp:attachment":[{"href":"https:\/\/sucurriculum.com\/noticias\/wp-json\/wp\/v2\/media?parent=2973"}],"wp:term":[{"taxonomy":"category","embeddable":true,"href":"https:\/\/sucurriculum.com\/noticias\/wp-json\/wp\/v2\/categories?post=2973"},{"taxonomy":"post_tag","embeddable":true,"href":"https:\/\/sucurriculum.com\/noticias\/wp-json\/wp\/v2\/tags?post=2973"}],"curies":[{"name":"wp","href":"https:\/\/api.w.org\/{rel}","templated":true}]}}