{"id":2970,"date":"2020-10-19T01:12:15","date_gmt":"2020-10-18T23:12:15","guid":{"rendered":"https:\/\/sucurriculum.com\/noticias\/?p=2970"},"modified":"2020-10-19T01:12:15","modified_gmt":"2020-10-18T23:12:15","slug":"family-cash-creara-cerca-de-90-empleos-en-su-hipermercado-de-almendralejo","status":"publish","type":"post","link":"https:\/\/sucurriculum.com\/noticias\/family-cash-creara-cerca-de-90-empleos-en-su-hipermercado-de-almendralejo\/","title":{"rendered":"Family Cash crear\u00e1 cerca de 90 empleos en su hipermercado de almendralejo"},"content":{"rendered":"\n<p>Almedralejo tendr\u00e1 nuevo hipermercado a partir de la segunda quincena de diciembre con la llegada de la firma Family Cash, una cadena de supermercados de origen valenciano que tendr\u00e1 su primera incursi\u00f3n en la regi\u00f3n en la capital de Tierra de Barros.<\/p>\n\n\n\n<p>Este jueves fue presentado el proyecto que pretende crear entre 80 y 90 puestos de trabajo. La expansi\u00f3n de <a href=\"https:\/\/www.familycash.es\/trabaja-family-cash\/\">Family Cash<\/a> le llev\u00f3 primero a Andaluc\u00eda, mientras que ahora llega a Extremadura. En breve, la cadena tambi\u00e9n se instalar\u00e1 en Badajoz. Cuenta con 20 tiendas en Espa\u00f1a y prev\u00e9 abrir otras cinco m\u00e1s.<\/p>\n\n\n\n<p><a href=\"https:\/\/www.familycash.es\/trabaja-family-cash\/\">Family Cash<\/a> se implanta en las antiguas instalaciones de E\u2019leclerc, que cerr\u00f3 hace unos meses. Sus tiendas venden todo tipo de productos y, como particularidad, trabajar\u00e1n con proveedores locales y regionales para que sus productos tambi\u00e9n est\u00e9n a la venta.<\/p>\n\n\n\n<p>La cadena tambi\u00e9n reactivar\u00e1 el servicio de la gasolinera que est\u00e1 justo al lado y que podr\u00eda estar operativa antes del 15 de octubre. Para el hipermercado habr\u00e1 que esperar dos meses m\u00e1s. En los pr\u00f3ximos d\u00edas, el ayuntamiento dar\u00e1 a conocer un correo electr\u00f3nico para que los interesados en trabajar en el hipermercado puedan enviar los curr\u00edculos.<\/p>\n\n\n\n<p>Cajalmendralejo ha sido clave para facilitar la financiaci\u00f3n necesaria para la adquisici\u00f3n por parte del grupo inversor Omo Retail Invest, de las instalaciones donde se ubicar\u00e1 ahora el hipermercado.<\/p>\n\n\n\n<p>En la presentaci\u00f3n del proyecto ha estado Pablo Llamas, director de la Unidad de Negocio de Cajalmendralejo, quien ha destacado que para la concesi\u00f3n de la financiaci\u00f3n se ha valorado mucho el impacto social y econ\u00f3mico que supone este proyecto para Almendralejo, con la creaci\u00f3n de un n\u00famero importante de puestos de trabajo tanto en Almendralejo como en su comarca. Adem\u00e1s, la apertura de este nuevo hipermercado propiciar\u00e1 una oportunidad para el incremento de relaciones comerciales entre posibles proveedores locales y regionales con el nuevo operador de alimentaci\u00f3n, a los que<\/p>\n\n\n\n<p>Al acto de presentaci\u00f3n del nuevo hipermercado tambi\u00e9n ha ido el alcalde, Jos\u00e9 Mar\u00eda Ram\u00edrez, que ha destacado que en la capital de Tierra de Barros se sigan abriendo proyectos y empresas de esta envergadura, a pesar de los tiempos que corren. \u00abOjal\u00e1 esto no s\u00f3lo qued\u00e9 aqu\u00ed\u00bb, dijo Ram\u00edrez, abierto a la llegada de m\u00e1s inversiones en la ciudad.<\/p>\n\n\n\n<p>Hay que recordar que, hace escasas semanas, tambi\u00e9n se abri\u00f3 McDonald\u2019s en Almendralejo, una cadena internacional que ha tenido una gran acogida en sus primeros d\u00edas.<\/p>\n","protected":false},"excerpt":{"rendered":"<p>Este jueves fue presentado el proyecto que pretende crear entre 80 y 90 puestos de trabajo. <\/p>\n","protected":false},"author":2,"featured_media":2971,"comment_status":"open","ping_status":"open","sticky":false,"template":"","format":"standard","meta":{"footnotes":""},"categories":[65],"tags":[1613,1782,1318,95,1781],"class_list":["post-2970","post","type-post","status-publish","format-standard","has-post-thumbnail","hentry","category-ofertas-de-empleo","tag-1613","tag-cash","tag-creara-2","tag-empleos","tag-family"],"amp_enabled":true,"_links":{"self":[{"href":"https:\/\/sucurriculum.com\/noticias\/wp-json\/wp\/v2\/posts\/2970","targetHints":{"allow":["GET"]}}],"collection":[{"href":"https:\/\/sucurriculum.com\/noticias\/wp-json\/wp\/v2\/posts"}],"about":[{"href":"https:\/\/sucurriculum.com\/noticias\/wp-json\/wp\/v2\/types\/post"}],"author":[{"embeddable":true,"href":"https:\/\/sucurriculum.com\/noticias\/wp-json\/wp\/v2\/users\/2"}],"replies":[{"embeddable":true,"href":"https:\/\/sucurriculum.com\/noticias\/wp-json\/wp\/v2\/comments?post=2970"}],"version-history":[{"count":1,"href":"https:\/\/sucurriculum.com\/noticias\/wp-json\/wp\/v2\/posts\/2970\/revisions"}],"predecessor-version":[{"id":2972,"href":"https:\/\/sucurriculum.com\/noticias\/wp-json\/wp\/v2\/posts\/2970\/revisions\/2972"}],"wp:featuredmedia":[{"embeddable":true,"href":"https:\/\/sucurriculum.com\/noticias\/wp-json\/wp\/v2\/media\/2971"}],"wp:attachment":[{"href":"https:\/\/sucurriculum.com\/noticias\/wp-json\/wp\/v2\/media?parent=2970"}],"wp:term":[{"taxonomy":"category","embeddable":true,"href":"https:\/\/sucurriculum.com\/noticias\/wp-json\/wp\/v2\/categories?post=2970"},{"taxonomy":"post_tag","embeddable":true,"href":"https:\/\/sucurriculum.com\/noticias\/wp-json\/wp\/v2\/tags?post=2970"}],"curies":[{"name":"wp","href":"https:\/\/api.w.org\/{rel}","templated":true}]}}