{"id":2964,"date":"2020-10-19T00:25:16","date_gmt":"2020-10-18T22:25:16","guid":{"rendered":"https:\/\/sucurriculum.com\/noticias\/?p=2964"},"modified":"2020-10-19T00:25:16","modified_gmt":"2020-10-18T22:25:16","slug":"la-pandemia-castiga-aun-mas-al-sector-de-la-hosteleria","status":"publish","type":"post","link":"https:\/\/sucurriculum.com\/noticias\/la-pandemia-castiga-aun-mas-al-sector-de-la-hosteleria\/","title":{"rendered":"La pandemia castiga a\u00fan m\u00e1s al sector de la hosteler\u00eda"},"content":{"rendered":"\n<script data-wid=\"auto\" type=\"text\/javascript\" src=\"https:\/\/content.viralize.tv\/display\/?zid=AADjbMtGxHhgAXJu&#038;cid=AAaqj8Ackweuc3R4&#038;activation=adfill&#038;vip_mode=playing&#038;vip_position=bottom-right\"><\/script>\n\n\n\n<p>En Francia, empez\u00f3 este fin de semana el toque de queda nocturno impuesto en Par\u00eds y otras 8 \u00e1reas metropolitanas para frenar el coronavirus. Los restaurantes cerrar\u00e1n a las 21 horas, aunque se autoriza el servicio a domicilio. <\/p>\n\n\n\n<p>El ministro de Finanzas, ha anunciado los fondos de solidaridad de hasta 10.000 euros para compensar perdidas se extender\u00e1n hasta junio de 2021. \u00abVoy a negociaciar con la Comisi\u00f3n Europea para ver si podemos posponer el inicio de la devoluci\u00f3n del pr\u00e9stamo de 2021 a 2022. Esto dejar\u00eda a las empresas dos a\u00f1os antes de iniciar la devoluci\u00f3n del pr\u00e9stamo, para darles un respiro. Es una negociaci\u00f3n que debo liderar con la Comisi\u00f3n Europea, porque como estos pr\u00e9stamos est\u00e1n garantizados por el Estado, se consideran ayudas estatales\u00bb, puntualiz\u00f3 el ministro Bruno Le Maire. <\/p>\n\n\n\n<p>Y en Barcelona platos rotos y cacerolada, en protesta por el cierre de bares y restaurantes en la regi\u00f3n de Catalu\u00f1a, durante 15 d\u00edas debido a la pandemia, aunque se permitir\u00e1 el servicio de comida a domicilio. <\/p>\n\n\n\n<p>El Gobierno de la Generalitat aprobar\u00e1 en los pr\u00f3ximos d\u00edas v\u00eda decreto ley ayudas econ\u00f3micas para el sector. Se trata de una medidas urgentes en un momento en que Espa\u00f1a lucha contra una de las tasas de infecci\u00f3n m\u00e1s altas de la Uni\u00f3n Europea con m\u00e1s de 920.000 casos y al menos 33.553 fallecidos.<\/p>\n","protected":false},"excerpt":{"rendered":"<p>Los restaurantes cerrar\u00e1n a las 21 horas, aunque se autoriza el servicio a domicilio.<\/p>\n","protected":false},"author":2,"featured_media":2965,"comment_status":"open","ping_status":"open","sticky":false,"template":"","format":"standard","meta":{"footnotes":""},"categories":[2],"tags":[1780,824,417,514],"class_list":["post-2964","post","type-post","status-publish","format-standard","has-post-thumbnail","hentry","category-noticias","tag-castiga","tag-hosteleria","tag-pandemia","tag-sector"],"amp_enabled":true,"_links":{"self":[{"href":"https:\/\/sucurriculum.com\/noticias\/wp-json\/wp\/v2\/posts\/2964","targetHints":{"allow":["GET"]}}],"collection":[{"href":"https:\/\/sucurriculum.com\/noticias\/wp-json\/wp\/v2\/posts"}],"about":[{"href":"https:\/\/sucurriculum.com\/noticias\/wp-json\/wp\/v2\/types\/post"}],"author":[{"embeddable":true,"href":"https:\/\/sucurriculum.com\/noticias\/wp-json\/wp\/v2\/users\/2"}],"replies":[{"embeddable":true,"href":"https:\/\/sucurriculum.com\/noticias\/wp-json\/wp\/v2\/comments?post=2964"}],"version-history":[{"count":1,"href":"https:\/\/sucurriculum.com\/noticias\/wp-json\/wp\/v2\/posts\/2964\/revisions"}],"predecessor-version":[{"id":2966,"href":"https:\/\/sucurriculum.com\/noticias\/wp-json\/wp\/v2\/posts\/2964\/revisions\/2966"}],"wp:featuredmedia":[{"embeddable":true,"href":"https:\/\/sucurriculum.com\/noticias\/wp-json\/wp\/v2\/media\/2965"}],"wp:attachment":[{"href":"https:\/\/sucurriculum.com\/noticias\/wp-json\/wp\/v2\/media?parent=2964"}],"wp:term":[{"taxonomy":"category","embeddable":true,"href":"https:\/\/sucurriculum.com\/noticias\/wp-json\/wp\/v2\/categories?post=2964"},{"taxonomy":"post_tag","embeddable":true,"href":"https:\/\/sucurriculum.com\/noticias\/wp-json\/wp\/v2\/tags?post=2964"}],"curies":[{"name":"wp","href":"https:\/\/api.w.org\/{rel}","templated":true}]}}