{"id":2958,"date":"2020-10-19T00:00:34","date_gmt":"2020-10-18T22:00:34","guid":{"rendered":"https:\/\/sucurriculum.com\/noticias\/?p=2958"},"modified":"2020-10-19T00:00:34","modified_gmt":"2020-10-18T22:00:34","slug":"amancio-ortega-pide-100-millones-de-los-fondos-destinados-a-la-crisis-del-coronavirus","status":"publish","type":"post","link":"https:\/\/sucurriculum.com\/noticias\/amancio-ortega-pide-100-millones-de-los-fondos-destinados-a-la-crisis-del-coronavirus\/","title":{"rendered":"Amancio Ortega pide 100 millones de los fondos  destinados a la crisis del coronavirus"},"content":{"rendered":"\n<p>Amancio Ortega solicitar\u00e1 100 millones de euros de los fondos europeos destinados a la crisis del coronavirus para construir una nueva sede en Arteixo, A Coru\u00f1a.<\/p>\n\n\n\n<p>Aproximadamente unos 79 proyectos espa\u00f1oles podr\u00edan beneficiarse de este dinero proporcionado por la Uni\u00f3n Europea de los 1.000 que ayudar\u00e1n en total, como recoge Business Insider. Entre ellos no solo estar\u00eda Inditex, tambi\u00e9n compa\u00f1\u00edas como Ferrovial, Endesa o Iberdrola.<\/p>\n\n\n\n<p>Esta sede de 80.000 metros cuadrados sumados a los 160.000 que ya ten\u00eda, ser\u00e1 ecoeficiente y con elementos de \u00faltima tecnolog\u00eda, se destinar\u00e1 para la producci\u00f3n audiovisual de su tienda online.<\/p>\n","protected":false},"excerpt":{"rendered":"<p>Amancio Ortega solicitar\u00e1 100 millones de euros de los fondos europeos destinados a la crisis del coronavirus para construir una nueva sede en Arteixo, A Coru\u00f1a.<\/p>\n","protected":false},"author":2,"featured_media":2959,"comment_status":"open","ping_status":"open","sticky":false,"template":"","format":"standard","meta":{"footnotes":""},"categories":[66],"tags":[130,1772,358,105,1774,362,40,1773,673,466],"class_list":["post-2958","post","type-post","status-publish","format-standard","has-post-thumbnail","hentry","category-noticias-actualidad","tag-130","tag-amancio","tag-corona","tag-crisis","tag-destinados","tag-fondos","tag-millones","tag-ortega","tag-pide","tag-virus"],"amp_enabled":true,"_links":{"self":[{"href":"https:\/\/sucurriculum.com\/noticias\/wp-json\/wp\/v2\/posts\/2958","targetHints":{"allow":["GET"]}}],"collection":[{"href":"https:\/\/sucurriculum.com\/noticias\/wp-json\/wp\/v2\/posts"}],"about":[{"href":"https:\/\/sucurriculum.com\/noticias\/wp-json\/wp\/v2\/types\/post"}],"author":[{"embeddable":true,"href":"https:\/\/sucurriculum.com\/noticias\/wp-json\/wp\/v2\/users\/2"}],"replies":[{"embeddable":true,"href":"https:\/\/sucurriculum.com\/noticias\/wp-json\/wp\/v2\/comments?post=2958"}],"version-history":[{"count":1,"href":"https:\/\/sucurriculum.com\/noticias\/wp-json\/wp\/v2\/posts\/2958\/revisions"}],"predecessor-version":[{"id":2960,"href":"https:\/\/sucurriculum.com\/noticias\/wp-json\/wp\/v2\/posts\/2958\/revisions\/2960"}],"wp:featuredmedia":[{"embeddable":true,"href":"https:\/\/sucurriculum.com\/noticias\/wp-json\/wp\/v2\/media\/2959"}],"wp:attachment":[{"href":"https:\/\/sucurriculum.com\/noticias\/wp-json\/wp\/v2\/media?parent=2958"}],"wp:term":[{"taxonomy":"category","embeddable":true,"href":"https:\/\/sucurriculum.com\/noticias\/wp-json\/wp\/v2\/categories?post=2958"},{"taxonomy":"post_tag","embeddable":true,"href":"https:\/\/sucurriculum.com\/noticias\/wp-json\/wp\/v2\/tags?post=2958"}],"curies":[{"name":"wp","href":"https:\/\/api.w.org\/{rel}","templated":true}]}}