{"id":2955,"date":"2020-10-16T10:20:06","date_gmt":"2020-10-16T08:20:06","guid":{"rendered":"https:\/\/sucurriculum.com\/noticias\/?p=2955"},"modified":"2020-10-16T10:20:06","modified_gmt":"2020-10-16T08:20:06","slug":"el-ayuntamiento-de-valencia-destinara-56-millones-de-euros-para-recuperar-el-empleo-perdido","status":"publish","type":"post","link":"https:\/\/sucurriculum.com\/noticias\/el-ayuntamiento-de-valencia-destinara-56-millones-de-euros-para-recuperar-el-empleo-perdido\/","title":{"rendered":"El Ayuntamiento de Valencia destinar\u00e1 5,6 millones de euros para recuperar el empleo perdido"},"content":{"rendered":"\n<p>El Ayuntamiento de Valencia quiere poner freno a la p\u00e9rdida galopante de empleo que se est\u00e1 produciendo a consecuencia del Covid-19. De hecho, la concejala de Desarrollo Innovador de los Sectores Econ\u00f3micos y Empleo, Pilar Bernab\u00e9, ha anunciado que el Consistorio, en colaboraci\u00f3n con la Generalitat, invertir\u00e1 de aqu\u00ed a final de a\u00f1o 5.639.000 euros en tres l\u00edneas de actuaci\u00f3n, que son la creaci\u00f3n de empleo directo, cursos formativos y ayuda a los emprendedores.<\/p>\n\n\n\n<p>En el primer caso, se han previsto fondos con tres programas conjuntos con la Generalitat y uno propio municipal para dar trabajo a 400 personas. \u00abSon contratos de seis y nueve meses y hasta un a\u00f1o\u00bb, ha indicado Bernab\u00e9.<\/p>\n\n\n\n<p>Con el programa Emcorp, para mayores de 30 a\u00f1os, se proporcionar\u00e1 empleo a 146 personas. Con el programa Empuju se seleccionar\u00e1 a 50 personas.<\/p>\n\n\n\n<p>Cabe destacar que hay una l\u00ednea espec\u00edfica para el tema de la pandemia. Y es que el programa E-covid, emplear\u00e1 a 150 personas. Seg\u00fan Bernab\u00e9, \u00abest\u00e1 destinado a cubrir necesidades que tienen que ver con la pandemia. Por ejemplo, en el caso de las personas mayores, se contratar\u00e1 personal para que informe en los centros de mayores cuando abran de las precauciones que hay que tomar y las distancias. Es algo parecido a los informadores de las playas que puso la Generalitat\u00bb.<\/p>\n\n\n\n<p>La concejala ha indicado que algunos informadores tambi\u00e9n Ir\u00e1n a reforzar los colegios. En cuanto al programa municipal, se contratar\u00e1 a 53 personas para diversos servicios municipales.<\/p>\n\n\n\n<p>Sobre la l\u00ednea de formaci\u00f3n, se har\u00e1n cursos de capacitaci\u00f3n web, para corregir la brecha digital y la de g\u00e9nero. En el primer caso, 180 har\u00e1n curso web y otras 180 de programaci\u00f3n y redes sociales. Y habr\u00e1 ocho cursos para 150 mujeres sobre gesti\u00f3n administrativa, inteligencia emocional social, habilidades directivas y talento.<\/p>\n\n\n\n<p>Bernab\u00e9 ha indicado que tambi\u00e9n \u00abse va a trabajar directamente con empresas para buscar personal muy especializado.<\/p>\n\n\n\n<p>En cuanto a emprendimiento, se crear\u00e1n 14 c\u00e1psulas para dar formaci\u00f3n online para 420 personas.<\/p>\n\n\n\n<p>La concejala de Empleo, adem\u00e1s, ha querido contestar al PP y ha dicho que \u00ablos hosteleros que pidieron ayudas estatal corriente de pagos con esta administraci\u00f3n, s\u00ed recibir\u00e1n la ayuda que han pedido\u00bb.<\/p>\n","protected":false},"excerpt":{"rendered":"<p>El Ayuntamiento de Valencia quiere poner freno a la p\u00e9rdida galopante de empleo que se est\u00e1 produciendo a consecuencia del Covid-19.<\/p>\n","protected":false},"author":2,"featured_media":2956,"comment_status":"open","ping_status":"open","sticky":false,"template":"","format":"standard","meta":{"footnotes":""},"categories":[65],"tags":[396,480,552,370,95,993],"class_list":["post-2955","post","type-post","status-publish","format-standard","has-post-thumbnail","hentry","category-ofertas-de-empleo","tag-396","tag-480","tag-ayuntamiento","tag-covid","tag-empleos","tag-valencia"],"amp_enabled":true,"_links":{"self":[{"href":"https:\/\/sucurriculum.com\/noticias\/wp-json\/wp\/v2\/posts\/2955","targetHints":{"allow":["GET"]}}],"collection":[{"href":"https:\/\/sucurriculum.com\/noticias\/wp-json\/wp\/v2\/posts"}],"about":[{"href":"https:\/\/sucurriculum.com\/noticias\/wp-json\/wp\/v2\/types\/post"}],"author":[{"embeddable":true,"href":"https:\/\/sucurriculum.com\/noticias\/wp-json\/wp\/v2\/users\/2"}],"replies":[{"embeddable":true,"href":"https:\/\/sucurriculum.com\/noticias\/wp-json\/wp\/v2\/comments?post=2955"}],"version-history":[{"count":1,"href":"https:\/\/sucurriculum.com\/noticias\/wp-json\/wp\/v2\/posts\/2955\/revisions"}],"predecessor-version":[{"id":2957,"href":"https:\/\/sucurriculum.com\/noticias\/wp-json\/wp\/v2\/posts\/2955\/revisions\/2957"}],"wp:featuredmedia":[{"embeddable":true,"href":"https:\/\/sucurriculum.com\/noticias\/wp-json\/wp\/v2\/media\/2956"}],"wp:attachment":[{"href":"https:\/\/sucurriculum.com\/noticias\/wp-json\/wp\/v2\/media?parent=2955"}],"wp:term":[{"taxonomy":"category","embeddable":true,"href":"https:\/\/sucurriculum.com\/noticias\/wp-json\/wp\/v2\/categories?post=2955"},{"taxonomy":"post_tag","embeddable":true,"href":"https:\/\/sucurriculum.com\/noticias\/wp-json\/wp\/v2\/tags?post=2955"}],"curies":[{"name":"wp","href":"https:\/\/api.w.org\/{rel}","templated":true}]}}