{"id":2952,"date":"2020-10-16T09:54:02","date_gmt":"2020-10-16T07:54:02","guid":{"rendered":"https:\/\/sucurriculum.com\/noticias\/?p=2952"},"modified":"2020-10-16T17:21:59","modified_gmt":"2020-10-16T15:21:59","slug":"sprinter-y-adecco-buscan-200-preparadores-de-pedidos","status":"publish","type":"post","link":"https:\/\/sucurriculum.com\/noticias\/sprinter-y-adecco-buscan-200-preparadores-de-pedidos\/","title":{"rendered":"Sprinter y Adecco buscan 200 preparadores de pedidos"},"content":{"rendered":"\n<p>La cadena de tiendas de ropa y art\u00edculos deportivos Sprinter busca 200 personas para incorporarse a su departamento de log\u00edstica para la campa\u00f1a del Black Friday y Navidad en Alicante, donde tiene su sede y su principal centro de distribuci\u00f3n en el pol\u00edgono de Las Atalayas. El proceso de selecci\u00f3n est\u00e1 dirigido por Adecco y lo que se busca son preparadores de pedidos.<\/p>\n\n\n\n<p><strong>Las personas que quieran acceder a la oferta deber\u00e1n cumplir varios requisitos, pues se precisa formaci\u00f3n acad\u00e9mica en FP1 o Grado Medio y experiencia previa de al menos un a\u00f1o en el sector log\u00edstico en funciones de preparaci\u00f3n de pedidos, recepci\u00f3n de mercanc\u00eda y expediciones.<\/strong> Se requiere disponibilidad para trabajar a jornada continua, con turnos rotativos de lunes a s\u00e1bado que cambiar\u00e1n cada semana, librando un d\u00eda entre semana, seg\u00fan han indicado este jueves desde la citada empresa de recursos humanos.<\/p>\n\n\n\n<p>Adem\u00e1s, se valorar\u00e1n otros aspectos como la formaci\u00f3n y experiencia en el manejo de carretillas elevadoras, y el trabajo en equipo. Los perfiles seleccionados recibir\u00e1n formaci\u00f3n especializada previa a su incorporaci\u00f3n.<\/p>\n\n\n\n<p>Las principales funciones de las personas empleadas en esta compa\u00f1\u00eda ser\u00e1n: recepci\u00f3n de mercanc\u00eda, preparaci\u00f3n de pedidos, ubicaci\u00f3n de mercanc\u00eda en el almac\u00e9n, uso de PDA, inventario de mercanc\u00eda, carga y descarga de mercanc\u00eda, y expediciones. <\/p>\n\n\n\n<p>Pod\u00e9is inscribiros en la oferta a trav\u00e9s de <a href=\"https:\/\/www.adecco.es\/oferta-trabajo\/preparadora-de-pedidos-mozoa-de-almacen?ID=c453021d-1ee9-4369-8df5-14fad4f1626a\">este enlace<\/a>.<\/p>\n","protected":false},"excerpt":{"rendered":"<p>La cadena de tiendas de ropa y art\u00edculos deportivos Sprinter busca 200 personas para incorporarse a su departamento de log\u00edstica para la campa\u00f1a del Black Friday y Navidad en Alicante.<\/p>\n","protected":false},"author":2,"featured_media":2953,"comment_status":"open","ping_status":"open","sticky":false,"template":"","format":"standard","meta":{"footnotes":""},"categories":[65],"tags":[161,1178,1126,1771,1770,1769,1768],"class_list":["post-2952","post","type-post","status-publish","format-standard","has-post-thumbnail","hentry","category-ofertas-de-empleo","tag-161","tag-adecco","tag-alicante","tag-navidad","tag-pedidos","tag-preparadores","tag-sprinter"],"amp_enabled":true,"_links":{"self":[{"href":"https:\/\/sucurriculum.com\/noticias\/wp-json\/wp\/v2\/posts\/2952","targetHints":{"allow":["GET"]}}],"collection":[{"href":"https:\/\/sucurriculum.com\/noticias\/wp-json\/wp\/v2\/posts"}],"about":[{"href":"https:\/\/sucurriculum.com\/noticias\/wp-json\/wp\/v2\/types\/post"}],"author":[{"embeddable":true,"href":"https:\/\/sucurriculum.com\/noticias\/wp-json\/wp\/v2\/users\/2"}],"replies":[{"embeddable":true,"href":"https:\/\/sucurriculum.com\/noticias\/wp-json\/wp\/v2\/comments?post=2952"}],"version-history":[{"count":1,"href":"https:\/\/sucurriculum.com\/noticias\/wp-json\/wp\/v2\/posts\/2952\/revisions"}],"predecessor-version":[{"id":2954,"href":"https:\/\/sucurriculum.com\/noticias\/wp-json\/wp\/v2\/posts\/2952\/revisions\/2954"}],"wp:featuredmedia":[{"embeddable":true,"href":"https:\/\/sucurriculum.com\/noticias\/wp-json\/wp\/v2\/media\/2953"}],"wp:attachment":[{"href":"https:\/\/sucurriculum.com\/noticias\/wp-json\/wp\/v2\/media?parent=2952"}],"wp:term":[{"taxonomy":"category","embeddable":true,"href":"https:\/\/sucurriculum.com\/noticias\/wp-json\/wp\/v2\/categories?post=2952"},{"taxonomy":"post_tag","embeddable":true,"href":"https:\/\/sucurriculum.com\/noticias\/wp-json\/wp\/v2\/tags?post=2952"}],"curies":[{"name":"wp","href":"https:\/\/api.w.org\/{rel}","templated":true}]}}