{"id":2938,"date":"2020-10-15T09:35:33","date_gmt":"2020-10-15T07:35:33","guid":{"rendered":"https:\/\/sucurriculum.com\/noticias\/?p=2938"},"modified":"2020-10-15T09:35:33","modified_gmt":"2020-10-15T07:35:33","slug":"el-gobierno-quiere-recortar-un-35-la-oferta-de-empleo-publico","status":"publish","type":"post","link":"https:\/\/sucurriculum.com\/noticias\/el-gobierno-quiere-recortar-un-35-la-oferta-de-empleo-publico\/","title":{"rendered":"El Gobierno quiere recortar un 35% la oferta de empleo p\u00fablico"},"content":{"rendered":"\n<p>El Gobierno y los sindicatos de la funci\u00f3n p\u00fablica negocian un real decreto ley que deber\u00e1 cifrar a cu\u00e1nto ascender\u00e1 la oferta de empleo p\u00fablico para este a\u00f1o y en \u00e9l Ejecutivo quiere reducir en m\u00e1s de un 35% las plazas, tanto las de libre acceso como las de promoci\u00f3n interna en comparaci\u00f3n con 2019.<\/p>\n\n\n\n<p>Representantes del Ministerio de Pol\u00edtica Territorial y Funci\u00f3n P\u00fablica se han reunido este mi\u00e9rcoles con CSI-F, CCOO y UGT para trasladarles una propuesta que contempla 7.066 nuevas plazas de acceso libre y 6.247 plazas destinadas a la promoci\u00f3n interna. Estas cifras suponen un recorte de 37% plazas libres para el a\u00f1o que viene, porque en 2019 se crearon 11.338 y un 32,3% menos para promoci\u00f3n interna, que el a\u00f1o pasado fue de 8.350.<\/p>\n\n\n\n<p>Los sindicatos han rechazado esta reducci\u00f3n y las partes se han emplazado a volver a reunirse el lunes que viene para intentar llegar a un acuerdo sobre el decreto ley que debe aprobar en el \u00faltimo Consejo de Ministros de este mes de octubre.<\/p>\n\n\n\n<p>El CSI-F, sindicato mayoritario, denuncia que con la propuesta del Gobierno se \u201cpone en peligro la viabilidad\u201d de una Administraci\u00f3n P\u00fablica saturada en algunos de sus servicios, como el Sistema P\u00fablico de Empleo Estatal (SEPE) o la Seguridad Social, debido a que son los que tienen que gestionar los ERTE por la Covid o el reci\u00e9n creado Ingreso M\u00ednimo Vital.<\/p>\n\n\n\n<p>Tambi\u00e9n en relaci\u00f3n con la pandemia, los representantes de CSI-F han pedido que los 800.000 empleos que el presidente, Pedro S\u00e1nchez, prometi\u00f3 la semana pasada que se crear\u00e1n hasta 2023 gracias a los fondos europeos tengan tambi\u00e9n un reflejo en la funci\u00f3n p\u00fablica.<\/p>\n","protected":false},"excerpt":{"rendered":"<p>El Gobierno y los sindicatos de la funci\u00f3n p\u00fablica negocian un real decreto ley que deber\u00e1 cifrar a cu\u00e1nto ascender\u00e1 la oferta de empleo p\u00fablico para este a\u00f1o y en \u00e9l Ejecutivo quiere reducir en m\u00e1s de un 35% las plazas.<\/p>\n","protected":false},"author":2,"featured_media":2939,"comment_status":"open","ping_status":"open","sticky":false,"template":"","format":"standard","meta":{"footnotes":""},"categories":[620],"tags":[1709,665,137,36,554,421,1081,832,1759],"class_list":["post-2938","post","type-post","status-publish","format-standard","has-post-thumbnail","hentry","category-empleo-publico","tag-1709","tag-ciento","tag-empleo","tag-gobierno","tag-oferta","tag-por","tag-publico-2","tag-quiere","tag-recortar"],"amp_enabled":true,"_links":{"self":[{"href":"https:\/\/sucurriculum.com\/noticias\/wp-json\/wp\/v2\/posts\/2938","targetHints":{"allow":["GET"]}}],"collection":[{"href":"https:\/\/sucurriculum.com\/noticias\/wp-json\/wp\/v2\/posts"}],"about":[{"href":"https:\/\/sucurriculum.com\/noticias\/wp-json\/wp\/v2\/types\/post"}],"author":[{"embeddable":true,"href":"https:\/\/sucurriculum.com\/noticias\/wp-json\/wp\/v2\/users\/2"}],"replies":[{"embeddable":true,"href":"https:\/\/sucurriculum.com\/noticias\/wp-json\/wp\/v2\/comments?post=2938"}],"version-history":[{"count":1,"href":"https:\/\/sucurriculum.com\/noticias\/wp-json\/wp\/v2\/posts\/2938\/revisions"}],"predecessor-version":[{"id":2940,"href":"https:\/\/sucurriculum.com\/noticias\/wp-json\/wp\/v2\/posts\/2938\/revisions\/2940"}],"wp:featuredmedia":[{"embeddable":true,"href":"https:\/\/sucurriculum.com\/noticias\/wp-json\/wp\/v2\/media\/2939"}],"wp:attachment":[{"href":"https:\/\/sucurriculum.com\/noticias\/wp-json\/wp\/v2\/media?parent=2938"}],"wp:term":[{"taxonomy":"category","embeddable":true,"href":"https:\/\/sucurriculum.com\/noticias\/wp-json\/wp\/v2\/categories?post=2938"},{"taxonomy":"post_tag","embeddable":true,"href":"https:\/\/sucurriculum.com\/noticias\/wp-json\/wp\/v2\/tags?post=2938"}],"curies":[{"name":"wp","href":"https:\/\/api.w.org\/{rel}","templated":true}]}}