{"id":2917,"date":"2020-10-09T09:38:47","date_gmt":"2020-10-09T07:38:47","guid":{"rendered":"https:\/\/sucurriculum.com\/noticias\/?p=2917"},"modified":"2020-10-09T09:38:49","modified_gmt":"2020-10-09T07:38:49","slug":"el-pacto-de-toledo-blindara-la-jubilacion-de-los-funcionarios-a-los-60-anos","status":"publish","type":"post","link":"https:\/\/sucurriculum.com\/noticias\/el-pacto-de-toledo-blindara-la-jubilacion-de-los-funcionarios-a-los-60-anos\/","title":{"rendered":"El Pacto de Toledo blindar\u00e1 la jubilaci\u00f3n de los funcionarios a los 60 a\u00f1os"},"content":{"rendered":"\n<p>El Pacto de Toledo no se plantea endurecer las jubilaciones anticipadas, algo que el Gobierno quiere hacer en el corto plazo, tal y como reconoci\u00f3 recientemente el ministro de Seguridad Social, Jos\u00e9 Luis Escriv\u00e1. As\u00ed lo manifestaron a este peri\u00f3dico fuentes cercanas a la negociaci\u00f3n, que descartaron que vayan a tomar alguna medida a este respecto en el texto que ahora mismo est\u00e1 en fase de redacci\u00f3n.<\/p>\n\n\n\n<p>Es m\u00e1s, en este momento en la comisi\u00f3n hay un amplio debate en torno a si se deben eliminar las penalizaciones que hay en la actualidad para los trabajadores que quieran acceder al retiro antes de tiempo y cuentan con amplias carreras de cotizaci\u00f3n. Esta es una reivindicaci\u00f3n que vienen haciendo desde hace a\u00f1os los sindicatos y la asociaci\u00f3n Asjubi 40, que exige que se eliminen los recortes a las jubilaciones anticipadas, en muchas ocasiones de manera forzada, cuando se tienen m\u00e1s de 40 a\u00f1os de cotizaci\u00f3n. Esta petici\u00f3n parece que se ve con buenos ojos tanto desde el Ministerio de Seguridad Social como desde el Pacto de Toledo.<\/p>\n\n\n\n<p>A d\u00eda de hoy hay cerca de 650.000 pensionistas que se jubilaron anticipadamente, algo que en la mayor parte de los casos conlleva un recorte en su prestaci\u00f3n. As\u00ed, m\u00e1s del 80% de ellos, un total de 531.472 jubilados, han sufrido una merma de su pensi\u00f3n que en algunos casos llega hasta el 40%, pese a que tienen a sus espaldas m\u00e1s de 40 a\u00f1os cotizados y la mayor parte procede del desempleo. Concretamente, pierden entre un 6,5% y un 8% de sus ingresos por cada a\u00f1o que adelanten su retiro.<\/p>\n\n\n\n<h4 class=\"wp-block-heading\">Acuerdo inminente<\/h4>\n\n\n\n<p>Por ello, lo que piden es que se eliminen esos coeficientes reductores para todos estos pensionistas afectados, as\u00ed como a futuro, siempre y cuando puedan acreditar m\u00e1s de 40 a\u00f1os de cuotas, algo que Escriv\u00e1 se ha mostrado dispuesto a estudiar y ahora valora tambi\u00e9n esta comisi\u00f3n parlamentaria.<\/p>\n\n\n\n<p>Pero lo que el ministro de Seguridad Social ya ha anunciado es que habr\u00e1 un endurecimiento de la jubilaci\u00f3n anticipada con car\u00e1cter general, algo que no recomendar\u00e1 el Pacto de Toledo en el acuerdo que prev\u00e9 cerrar en dos o tres semanas. El objetivo de Escriv\u00e1 es que por cada a\u00f1o que un trabajador adelante su jubilaci\u00f3n se le recorte un 8% la pensi\u00f3n, pero en t\u00e9rminos reales, algo que afectar\u00eda particularmente a las rentas altas.<\/p>\n\n\n\n<p>La propuesta que tiene encima de la mesa el ministro es cambiar el modelo actual de desincentivos a las jubilaciones anticipadas, ya que, a su juicio, \u00abno est\u00e1 bien dise\u00f1ado\u00bb, a la vista del \u00abexceso de jubilaciones anticipadas voluntarias\u00bb que hay. M\u00e1s del 40% de las jubilaciones se producen antes de la edad legal, muchas de ellas forzosas pero uno de cada seis jubilados se retira antes de tiempo voluntariamente. En la actualidad existen unos coeficientes reductores que oscilan entre el 6,5% y el 8% de merma de la base reguladora (que es sobre la que se calcula la prestaci\u00f3n final) por cada a\u00f1o que un trabajador adelanta su retiro. Sin embargo, como la reducci\u00f3n se aplica sobre la base reguladora y hay multitud de excepciones, en realidad para muchas personas esa reducci\u00f3n se sit\u00faa en el entorno del 2%-3%, lo que es \u00abun desincentivo bajo\u00bb, seg\u00fan precis\u00f3 Escriv\u00e1 recientemente. Se trata mayoritariamente de trabajadores con rentas altas, aunque cabe destacar que muchos de ellos cuentan con largas carreras de cotizaci\u00f3n en las que han cotizado por la base m\u00e1xima.<\/p>\n\n\n\n<h4 class=\"wp-block-heading\">M\u00e1s incentivos<\/h4>\n\n\n\n<p>Lo que en principio tampoco contempla esta comisi\u00f3n parlamentaria encargada de dise\u00f1ar la reforma de las pensiones es modificar la edad legal de jubilaci\u00f3n, aunque s\u00ed recomendar\u00e1 \u00abmejorar los incentivos sociales, fiscales y laborales\u00bb a quienes se jubilen m\u00e1s tarde, otra de las medidas que el Ejecutivo pretende poner en marcha. A su vez, abogan por fomentar la jubilaci\u00f3n activa, para que m\u00e1s trabajadores puedan compatibilizar pensi\u00f3n y empleo.<\/p>\n\n\n\n<p>Por otra parte, el Pacto de Toledo mantendr\u00e1 el derecho de los funcionarios de las clases pasivas de poder jubilarse a los 60 a\u00f1os, siempre que hayan cotizado 30 a\u00f1os, seg\u00fan confirm\u00f3 este peri\u00f3dico. Se trata de un r\u00e9gimen extinto pero en el que todav\u00eda figuran decenas de miles de profesores, militares, o personal de la Administraci\u00f3n General del Estado y del Ministerio de Justicia.<\/p>\n","protected":false},"excerpt":{"rendered":"<p>El Pacto de Toledo no se plantea endurecer las jubilaciones anticipadas, algo que el Gobierno quiere hacer en el corto plazo, tal y como reconoci\u00f3 recientemente el ministro de Seguridad Social, Jos\u00e9 Luis Escriv\u00e1.<\/p>\n","protected":false},"author":2,"featured_media":2918,"comment_status":"open","ping_status":"open","sticky":false,"template":"","format":"standard","meta":{"footnotes":""},"categories":[66],"tags":[310,230,1744,1264,1745,1743,1625],"class_list":["post-2917","post","type-post","status-publish","format-standard","has-post-thumbnail","hentry","category-noticias-actualidad","tag-310","tag-anos","tag-blindara","tag-funcionarios","tag-jubilacion","tag-pacto","tag-toledo"],"amp_enabled":true,"_links":{"self":[{"href":"https:\/\/sucurriculum.com\/noticias\/wp-json\/wp\/v2\/posts\/2917","targetHints":{"allow":["GET"]}}],"collection":[{"href":"https:\/\/sucurriculum.com\/noticias\/wp-json\/wp\/v2\/posts"}],"about":[{"href":"https:\/\/sucurriculum.com\/noticias\/wp-json\/wp\/v2\/types\/post"}],"author":[{"embeddable":true,"href":"https:\/\/sucurriculum.com\/noticias\/wp-json\/wp\/v2\/users\/2"}],"replies":[{"embeddable":true,"href":"https:\/\/sucurriculum.com\/noticias\/wp-json\/wp\/v2\/comments?post=2917"}],"version-history":[{"count":1,"href":"https:\/\/sucurriculum.com\/noticias\/wp-json\/wp\/v2\/posts\/2917\/revisions"}],"predecessor-version":[{"id":2919,"href":"https:\/\/sucurriculum.com\/noticias\/wp-json\/wp\/v2\/posts\/2917\/revisions\/2919"}],"wp:featuredmedia":[{"embeddable":true,"href":"https:\/\/sucurriculum.com\/noticias\/wp-json\/wp\/v2\/media\/2918"}],"wp:attachment":[{"href":"https:\/\/sucurriculum.com\/noticias\/wp-json\/wp\/v2\/media?parent=2917"}],"wp:term":[{"taxonomy":"category","embeddable":true,"href":"https:\/\/sucurriculum.com\/noticias\/wp-json\/wp\/v2\/categories?post=2917"},{"taxonomy":"post_tag","embeddable":true,"href":"https:\/\/sucurriculum.com\/noticias\/wp-json\/wp\/v2\/tags?post=2917"}],"curies":[{"name":"wp","href":"https:\/\/api.w.org\/{rel}","templated":true}]}}