{"id":2904,"date":"2020-10-08T09:48:36","date_gmt":"2020-10-08T07:48:36","guid":{"rendered":"https:\/\/sucurriculum.com\/noticias\/?p=2904"},"modified":"2020-10-08T09:50:17","modified_gmt":"2020-10-08T07:50:17","slug":"casi-medio-millon-menos-de-personas-trabajando-que-antes-del-covid","status":"publish","type":"post","link":"https:\/\/sucurriculum.com\/noticias\/casi-medio-millon-menos-de-personas-trabajando-que-antes-del-covid\/","title":{"rendered":"Casi medio mill\u00f3n menos de personas trabajando que antes del Covid"},"content":{"rendered":"\n<p>El paro se redujo en 26.329 (-0,69%) personas en el mes de septiembre, hasta un total de 3.776.485 desempleados seg\u00fan los datos registrados en el Servicio P\u00fablico de Empleo Estatal (SEPE). A pesar de esta mejora en el mercado de trabajo y de que se produjo en un mes tradicionalmente malo para el empleo, estas cifras a\u00fan quedan lejos de los niveles de febrero. Antes de que el Covid paralizara parte de la econom\u00eda, el paro afectaba a 3.246.047 personas, es decir, a 530.438 menos que ahora. Las \u00faltimas cifras tambi\u00e9n contabilizan a 696.774 parados m\u00e1s que en septiembre del a\u00f1o pasado.<\/p>\n\n\n\n<p>Por otro lado, el n\u00famero medio de afiliados a la Seguridad Social subi\u00f3 en 84.013 personas en septiembre y se situ\u00f3 en un total de 18.876.389 personas, todav\u00eda sin recuperar los niveles de ocupaci\u00f3n de antes de la pandemia (19.250.000 afiliados el pasado febrero) y con a\u00fan 447.062 cotizantes menos que en el mismo mes de 2019.<\/p>\n\n\n\n<p>En concreto, desde Asempleo calculan que desde finales de abril ya se han creado alrededor de 310.000 puestos de trabajo, aunque actualmente hay en Espa\u00f1a m\u00e1s de 530.000 personas menos trabajando que antes de que estallara la pandemia. \u00abEn resumen, la tendencia positiva del mercado de trabajo es esperanzadora, si bien queda a\u00fan mucho camino por recorrer para recuperar todo el empleo perdido\u00bb, se\u00f1ala el presidente de Asempleo, Andreu Crua\u00f1as.<\/p>\n\n\n\n<p>Desde CEOE tambi\u00e9n recalcan \u00abla evoluci\u00f3n positiva\u00bb y valoran \u00abel enorme esfuerzo del sector empresarial y las personas trabajadoras por recuperar la normalidad econ\u00f3mica y la vuelta a la actividad, en un entorno de gran incertidumbre\u00bb. \u00abSin embargo, no se puede obviar que en un a\u00f1o el desempleo se ha incrementado en 696.774 personas y hay 447.062 afiliados menos, habi\u00e9ndose perdido en los momentos m\u00e1s cr\u00edticos de la pandemia 947.896 afiliados, de los que entre mayo y septiembre se han recuperado 447.367\u00bb, a\u00f1aden desde la patronal.<\/p>\n\n\n\n<h4 class=\"wp-block-heading\">Ralentizaci\u00f3n de los ERTE<\/h4>\n\n\n\n<p>A estas cifras habr\u00eda que sumarle la de 728.909 personas que siguen incluidas en un Expediente de Regulaci\u00f3n Temporal de Empleo (ERTE), a pesar de que representan 83.529 personas menos que un mes antes. Desde el Ministerio de Seguridad Social subrayan que tres de cada cuatro personas incluidas en ERTE durante la pandemia han salido de esta situaci\u00f3n. En el comunicado del Gobierno se destaca que es la mayor subida en este mes desde que hay registros, pero cabe recordar que la destrucci\u00f3n de empleo durante los meses de pandemia alcanz\u00f3 un total de 1,5 millones, con lo cual, se parte de umbrales muy bajos.<\/p>\n\n\n\n<p>Los datos de los ERTE confirman que se est\u00e1 produciendo una ralentizaci\u00f3n en t\u00e9rminos de recuperaci\u00f3n de la actividad. \u00abMientras en julio el n\u00famero de trabajadores activados evolucion\u00f3 a un ritmo del 39% y en agosto del 27,36%, en septiembre solo fue del 10,28%\u00bb, inciden desde CEOE.<\/p>\n\n\n\n<p>Asimismo, las cifras de trabajadores que siguen en ERTE muestran un comportamiento heterog\u00e9neo en la remontada ya que algunos sectores y territorios, como Baleares y Canarias, siguen registrando la mayor parte debido a la dependencia de sus econom\u00edas del turismo internacional. Igualmente, las tasas de cobertura de los ERTE son mayores en sectores como la hosteler\u00eda, comercio y actividades culturales y de ocio.<\/p>\n\n\n\n<h4 class=\"wp-block-heading\">Impulso de la educaci\u00f3n<\/h4>\n\n\n\n<p>Por \u00e1reas econ\u00f3micas, el desempleo baj\u00f3 especialmente en el sector servicios (13.367 menos), en agricultura (-9.503), industria (8-.095) y en la construcci\u00f3n (-7.682). Por contra. subi\u00f3 en 12.318 entre las personas que no ten\u00edan un empleo anterior.<\/p>\n\n\n\n<p>El sector que m\u00e1s sum\u00f3 de la lado de la afiliaci\u00f3n fue el de la educaci\u00f3n (7,15%) impulsado por el inicio del curso escolar y la reapertura de los colegios y universidades. Le siguieron el sistema especial agrario (5,14%), actividades administrativas y los servicios auxiliares (3,15%). En sentido contrario, la bajada m\u00e1s acusada correspondi\u00f3 a las actividades de los hogares (-6,55%), hosteler\u00eda (-3,80%) yactividades art\u00edsticas (-2,72%).<\/p>\n","protected":false},"excerpt":{"rendered":"<p>El paro se redujo en 26.329 (-0,69%) personas en el mes de septiembre, hasta un total de 3.776.485 desempleados seg\u00fan los datos registrados en el Servicio P\u00fablico de Empleo Estatal (SEPE).<\/p>\n","protected":false},"author":2,"featured_media":2905,"comment_status":"open","ping_status":"open","sticky":false,"template":"","format":"standard","meta":{"footnotes":""},"categories":[2],"tags":[1735,1730,21,1315,1669,1442,264,338],"class_list":["post-2904","post","type-post","status-publish","format-standard","has-post-thumbnail","hentry","category-noticias","tag-antesmcovid","tag-casi","tag-espana","tag-medio","tag-menos","tag-millon-2","tag-personas","tag-trabajando"],"amp_enabled":true,"_links":{"self":[{"href":"https:\/\/sucurriculum.com\/noticias\/wp-json\/wp\/v2\/posts\/2904","targetHints":{"allow":["GET"]}}],"collection":[{"href":"https:\/\/sucurriculum.com\/noticias\/wp-json\/wp\/v2\/posts"}],"about":[{"href":"https:\/\/sucurriculum.com\/noticias\/wp-json\/wp\/v2\/types\/post"}],"author":[{"embeddable":true,"href":"https:\/\/sucurriculum.com\/noticias\/wp-json\/wp\/v2\/users\/2"}],"replies":[{"embeddable":true,"href":"https:\/\/sucurriculum.com\/noticias\/wp-json\/wp\/v2\/comments?post=2904"}],"version-history":[{"count":2,"href":"https:\/\/sucurriculum.com\/noticias\/wp-json\/wp\/v2\/posts\/2904\/revisions"}],"predecessor-version":[{"id":2907,"href":"https:\/\/sucurriculum.com\/noticias\/wp-json\/wp\/v2\/posts\/2904\/revisions\/2907"}],"wp:featuredmedia":[{"embeddable":true,"href":"https:\/\/sucurriculum.com\/noticias\/wp-json\/wp\/v2\/media\/2905"}],"wp:attachment":[{"href":"https:\/\/sucurriculum.com\/noticias\/wp-json\/wp\/v2\/media?parent=2904"}],"wp:term":[{"taxonomy":"category","embeddable":true,"href":"https:\/\/sucurriculum.com\/noticias\/wp-json\/wp\/v2\/categories?post=2904"},{"taxonomy":"post_tag","embeddable":true,"href":"https:\/\/sucurriculum.com\/noticias\/wp-json\/wp\/v2\/tags?post=2904"}],"curies":[{"name":"wp","href":"https:\/\/api.w.org\/{rel}","templated":true}]}}