{"id":2901,"date":"2020-10-08T09:36:30","date_gmt":"2020-10-08T07:36:30","guid":{"rendered":"https:\/\/sucurriculum.com\/noticias\/?p=2901"},"modified":"2020-10-08T09:36:30","modified_gmt":"2020-10-08T07:36:30","slug":"casi-la-mitad-de-los-trabajadores-se-jubilan-antes-de-tiempo","status":"publish","type":"post","link":"https:\/\/sucurriculum.com\/noticias\/casi-la-mitad-de-los-trabajadores-se-jubilan-antes-de-tiempo\/","title":{"rendered":"Casi la mitad de los trabajadores se jubilan antes de tiempo"},"content":{"rendered":"\n<p>Cada a\u00f1o que pasa se ampl\u00eda un poco la edad ordinaria de jubilaci\u00f3n para intentar capear los crecientes n\u00fameros rojos del sistema de la Seguridad Social. Pero la realidad demuestra que ese \u00abparcheo\u00bb surte poco efecto pr\u00e1ctico. En estos momentos, la edad ordinaria de jubilaci\u00f3n est\u00e1 en los 65 a\u00f1os y 10 meses. Sin embargo, apenas una tercera parte de los que se jubilan lo hacen a esa edad. Dos de cada tres se jubilan con menos de 65 a\u00f1os y 10 meses, y la mayor parte de ellos sin haber cumplido siquiera los 65.<\/p>\n\n\n\n<p>Como se ha indicado, actualmente la jubilaci\u00f3n ordinaria es a los 65 a\u00f1os y 10 meses -el umbral va subiendo a\u00f1o tras a\u00f1o-. La otra alternativa es retirarse con 65 a\u00f1os cumplidos, si se tienen al menos 37 cotizados. La tercera opci\u00f3n es la que en sentido estricto se considera jubilaci\u00f3n anticipada: consiste en retirarse antes de cumplir los 65 a\u00f1os. Salvo colectivos y condiciones excepcionales, la jubilaci\u00f3n anticipada voluntaria exige dos requisitos: tener al menos 63 a\u00f1os de edad y 35 cotizados.<\/p>\n\n\n\n<p>Pues bien, actualmente el 40% de quienes se retiran en Espa\u00f1a lo hacen acogi\u00e9ndose a la jubilaci\u00f3n anticipada. Y, del resto, aproximadamente la mitad se jubilan en cuanto tienen 37 a\u00f1os cotizados, lo que les permite retirarse con 65 a\u00f1os de edad en vez de tener que esperar a la edad ordinaria que est\u00e1 fijada actualmente en 65 a\u00f1os y 10 meses, y que ir\u00e1 creciendo progresivamente hasta quedar en los 67 a\u00f1os en 2027.<\/p>\n\n\n\n<h4 class=\"wp-block-heading\">Prejubilados con altas cotizaciones<\/h4>\n\n\n\n<p>En resumen, una gran parte de quienes se jubilan en Espa\u00f1a lo hacen antes de tiempo y, adem\u00e1s, son los que cobran pensiones m\u00e1s altas. De media, los prejubilados parten con pensiones casi 500 euros mayores que quienes se retiran a la edad legal. Seg\u00fan los datos oficiales de la Seguridad Social, entre enero y julio de este a\u00f1o, a los que se han jubilado antes de cumplir los 65 les ha quedado una pensi\u00f3n media de 1.704 euros mensuales. Sin embargo, entre quienes se han jubilado con 65 a\u00f1os o m\u00e1s, la pensi\u00f3n media asciende a 1.238 euros.<\/p>\n\n\n\n<p>Seg\u00fan indican los expertos, la explicaci\u00f3n radica en que quienes se prejubilan son los que cuentan con cotizaciones m\u00e1s elevadas, que es precisamente los que hace que les salga a cuenta retirarse de forma anticipada. En ese grupo se incluyen tambi\u00e9n ciertos colectivos minoritarios con reg\u00edmenes especiales que priman sus jubilaciones prematuras, caso de mineros, polic\u00edas o bomberos.<\/p>\n\n\n\n<p>Jubilarse antes de cumplir los 65 a\u00f1os se penaliza con una merma en la pensi\u00f3n. Por cada a\u00f1o anticipado se resta un 8% sobre la pensi\u00f3n que se cobrar\u00eda si se esperara a la edad legal. Es decir, si un trabajador tiene cotizados 35 a\u00f1os y se quiere jubilar a la edad de 63 en vez de esperar a los 65, su pensi\u00f3n ser\u00e1 un 16% inferior a la que cobrar\u00eda si no se jubilara de forma anticipada.<\/p>\n\n\n\n<p>Vistas las estad\u00edsticas de jubilaciones anticipadas que se dan en Espa\u00f1a, esa penalizaci\u00f3n no parece tener un efecto disuasorio realmente efectivo. Menos a\u00fan en un pa\u00eds en el que su espinoso mercado laboral no facilita una larga vida profesional: los recortes de plantillas se ceban con los trabajadores de m\u00e1s edad, que en gran parte acaban abocados a convertirse en parados de larga duraci\u00f3n.<\/p>\n\n\n\n<p>A m\u00e1s prejubilaciones, peor para la caja de la Seguridad Social: por cada jubilaci\u00f3n anticipada hay un cotizante menos y un perceptor m\u00e1s. \u00abY hay que tener en cuenta que, normalmente, los que se jubilan de forma anticipada son profesionales con cotizaciones muy altas o en m\u00e1ximos, mientras que los que m\u00e1s aguantan en activo suelen ser los que tienen cotizaciones m\u00e1s bajas\u00bb, explica el abogado y economista Luis Mart\u00edn, del despacho Abencys, especializado en reestructuraciones de empresas, procedimientos concursales.<\/p>\n\n\n\n<h4 class=\"wp-block-heading\">Penalizar las prejubilaciones<\/h4>\n\n\n\n<p>El ministro de Seguridad Social, Jos\u00e9 Luis Escriv\u00e1, lleva tiempo anunciando un endurecimiento en las penalizaciones que se aplican actualmente en las jubilaciones anticipadas. Es decir, que el \u00abmordisco\u00bb en la pensi\u00f3n supere el 8% anual por a\u00f1o. Considera que esa merma que rige ahora es demasiado baja, sobre todo teniendo en cuenta el inquietante agujero que arrastra el sistema de la Seguridad Social, que cada vez tiene que hacer frente a m\u00e1s pagos con menos ingresos por cotizaciones.<\/p>\n\n\n\n<p>Luis Mart\u00edn coincide en el diagn\u00f3stico: con la penalizaci\u00f3n actual, prejubilarse compensa, sobre todo en supuestos de trabajadores con altas cotizaciones y a los que en cualquier caso les quedan altas pensiones. \u00abAhora, en la pr\u00e1ctica, se prima m\u00e1s la jubilaci\u00f3n anticipada que mantenerse en activo y cotizando m\u00e1s all\u00e1 de los 65 a\u00f1os\u00bb, indica Luis Mart\u00edn Abencys.<\/p>\n\n\n\n<p>Pese a lo abultado que puede parecer un recorte del 16% en la pensi\u00f3n por jubilarse con dos a\u00f1os de antelaci\u00f3n, la realidad \u00abes la mejor inversi\u00f3n para quien se acoge a esa f\u00f3rmula, porque le van a pagar dos a\u00f1os m\u00e1s de pensi\u00f3n, al empezar a cobrarla con dos a\u00f1os de antelaci\u00f3n\u00bb, explica Jos\u00e9 Antonio Herce, presidente del Foro de Expertos del Instituto BBVA de Pensiones. \u00abLas penalizaciones que se aplican actualmente se han quedado bajas\u00bb, por obsoletas. \u00abAunque se retocaron en 2011, las penalizaciones que se siguen aplicando a las prejubilaciones son b\u00e1sicamente las mismas que reg\u00edan en los a\u00f1os 90, pero con una realidad totalmente distinta, porque la esperanza de vida aumenta en m\u00e1s de dos a\u00f1os por d\u00e9cada\u00bb. A juicio de Herce, solo por ese incremento de la esperanza de vida, la merma aplicada a las jubilaciones anticipadas deber\u00eda rondar el 10% anual, en vez del 8% que rige en la actualidad.<\/p>\n\n\n\n<h4 class=\"wp-block-heading\">Una gran reforma pendiente<\/h4>\n\n\n\n<p>Jos\u00e9 Antonio Herce coincide en que la Seguridad Social, en la pr\u00e1ctica, hace a\u00f1os que se usa \u00abpara arreglar desperfectos que le vienen del mercado de trabajo\u00bb, que no es capaz de generar empleo suficiente en n\u00famero, calidad y estabilidad. \u00abTenemos un mercado de trabajo impropio de un pa\u00eds avanzado, es tan malo que el empleo que desempe\u00f1a un joven lo puede hacer un mayor, y viceversa, como si entre la generaci\u00f3n de un padre y la de un hijo no hubiera avanzado la productividad\u00bb, y el origen del problema -indica- est\u00e1 en el deficiente sistema formativo-educativo.<\/p>\n\n\n\n<p>\u00abEn los pa\u00edses avanzados, los trabajadores senior hacen cosas que los j\u00f3venes no saben hacer, y al rev\u00e9s. Los j\u00f3venes tienen sus propios nichos de empleo, los de 40 los suyos, y los de m\u00e1s de 50 \u00f3 60 los suyos. Pero eso no ocurre en Espa\u00f1a\u00bb, lamenta el presidente del Foro de Expertos del Instituto BBVA de Pensiones. Y esa carencia del mercado laboral acaba azotando a las cuentas de la Seguridad Social: retirada prematura de trabajadores; se pierden los ingresos por cotizaciones y, adem\u00e1s, aumenta el gasto en prestaciones.<\/p>\n\n\n\n<p>\u00abLa reforma de las pensiones requiere un cambio de sistema, de modelo, porque seguimos con el que funcionaba hace d\u00e9cadas, que no preve\u00eda una econom\u00eda en declive y un envejecimiento demogr\u00e1fico como los que tenemos ahora\u00bb, indica tambi\u00e9n el abogado y economista Luis Mart\u00edn Abencys. Este experto tambi\u00e9n aboga por que esa reforma del sistema de pensiones se haga apostando por la v\u00eda tributaria: rebajar las cotizaciones a la Seguridad Social para favorecer la creaci\u00f3n de empleo y liberar recursos que, a cambio, permitan obtener m\u00e1s ingresos por impuestos -Sociedades e IVA, por ejemplo-, y al mismo tiempo incentivar a los trabajadores para que inviertan en planes p\u00fablicos o privados de pensiones.<\/p>\n\n\n\n<p>A juicio de Luis Mart\u00edn, apostar sin m\u00e1s por una mayor penalizaci\u00f3n de las prejubilaciones es un remiendo de escasa efectividad. \u00abUrge un cambio de modelo en la Seguridad Social, pero el problema es que los pol\u00edticos lo que hacen es parchear para no adoptar medidas de calado que les puedan hacer perder votantes. Alargan un poco la jubilaci\u00f3n, incentivan aqu\u00ed, retocan all\u00e1\u2026 pero el sistema lo que requiere es un cambio profundo\u00bb, insiste.<\/p>\n","protected":false},"excerpt":{"rendered":"<p>Dos de cada tres se jubilan con menos de 65 a\u00f1os y 10 meses, y la mayor parte de ellos sin haber cumplido siquiera los 65.<\/p>\n","protected":false},"author":2,"featured_media":2902,"comment_status":"open","ping_status":"open","sticky":false,"template":"","format":"standard","meta":{"footnotes":""},"categories":[2],"tags":[1732,1730,1734,1731,289,320,669,1733,1098,18],"class_list":["post-2901","post","type-post","status-publish","format-standard","has-post-thumbnail","hentry","category-noticias","tag-antes","tag-casi","tag-cobran","tag-jubilan","tag-la","tag-mas","tag-mitad","tag-son","tag-tiempo","tag-trabajadores"],"amp_enabled":true,"_links":{"self":[{"href":"https:\/\/sucurriculum.com\/noticias\/wp-json\/wp\/v2\/posts\/2901","targetHints":{"allow":["GET"]}}],"collection":[{"href":"https:\/\/sucurriculum.com\/noticias\/wp-json\/wp\/v2\/posts"}],"about":[{"href":"https:\/\/sucurriculum.com\/noticias\/wp-json\/wp\/v2\/types\/post"}],"author":[{"embeddable":true,"href":"https:\/\/sucurriculum.com\/noticias\/wp-json\/wp\/v2\/users\/2"}],"replies":[{"embeddable":true,"href":"https:\/\/sucurriculum.com\/noticias\/wp-json\/wp\/v2\/comments?post=2901"}],"version-history":[{"count":1,"href":"https:\/\/sucurriculum.com\/noticias\/wp-json\/wp\/v2\/posts\/2901\/revisions"}],"predecessor-version":[{"id":2903,"href":"https:\/\/sucurriculum.com\/noticias\/wp-json\/wp\/v2\/posts\/2901\/revisions\/2903"}],"wp:featuredmedia":[{"embeddable":true,"href":"https:\/\/sucurriculum.com\/noticias\/wp-json\/wp\/v2\/media\/2902"}],"wp:attachment":[{"href":"https:\/\/sucurriculum.com\/noticias\/wp-json\/wp\/v2\/media?parent=2901"}],"wp:term":[{"taxonomy":"category","embeddable":true,"href":"https:\/\/sucurriculum.com\/noticias\/wp-json\/wp\/v2\/categories?post=2901"},{"taxonomy":"post_tag","embeddable":true,"href":"https:\/\/sucurriculum.com\/noticias\/wp-json\/wp\/v2\/tags?post=2901"}],"curies":[{"name":"wp","href":"https:\/\/api.w.org\/{rel}","templated":true}]}}