{"id":2790,"date":"2020-10-01T12:18:09","date_gmt":"2020-10-01T10:18:09","guid":{"rendered":"https:\/\/sucurriculum.com\/noticias\/?p=2790"},"modified":"2020-10-01T12:18:09","modified_gmt":"2020-10-01T10:18:09","slug":"forempleo-2020-una-nueva-oportunidad-de-empleo","status":"publish","type":"post","link":"https:\/\/sucurriculum.com\/noticias\/forempleo-2020-una-nueva-oportunidad-de-empleo\/","title":{"rendered":"FOREMPLEO 2020, una nueva oportunidad de empleo"},"content":{"rendered":"\n<p>La principal Feria de Empleo Universitario de la Comunidad de Madrid, FOREMPLEO, de la Universidad Carlos III de Madrid, se celebrar\u00e1 del 6 al 8 de octubre. Esta edici\u00f3n ser\u00e1 muy especial tanto por celebrarse el 25 aniversario desde su puesta en marcha como por su formato, por primera vez 100% virtual, ajust\u00e1ndose a las actuales circunstancias marcadas por la crisis sanitaria.<\/p>\n\n\n\n<p>Estudiantes y titulados podr\u00e1n entrar en contacto directo con los responsables de RRHH de m\u00e1s de 100 empresas, lo que supone una gran oportunidad para los j\u00f3venes de encontrar pr\u00e1cticas y acceder a puestos de trabajo, en un momento de crisis e incertidumbre sobre su futuro laboral. Podr\u00e1n hacerles llegar directamente su CV e incluso conseguir una entrevista.<\/p>\n\n\n\n<p>Todas las actividades se articulan y gestionan en torno a <a href=\"https:\/\/www.forempleo.com\/empresas2020\/es\/\">esta web<\/a>. Entre las actividades propuestas se encuentran los talleres virtuales sobre temas muy pr\u00e1cticos para los universitarios, relacionados con c\u00f3mo elaborar un CV, realizar una entrevista de trabajo, o preparar un elevator pitch.<\/p>\n\n\n\n<p>Pero sin duda, la propuesta m\u00e1s atractiva ser\u00e1 la posibilidad de conocer de primera mano a las empresas en sus stands virtuales, asistir a su webcast y enviar directamente el CV a los responsables de Recursos Humanos. La organizaci\u00f3n del evento informa que ya est\u00e1 abierto el plazo para pre-registrarse y subir el CV lo que abre la posibilidad de poder enviarlo a las empresas participantes durante los d\u00edas de celebraci\u00f3n del Foro.<\/p>\n\n\n\n<p>A pesar de la situaci\u00f3n derivada de la crisis sanitaria, m\u00e1s de un centenar de empresas han decidido seguir apostando este a\u00f1o por FOREMPLEO, la principal Feria de Empleo Universitario que, en su edici\u00f3n de 2019, registr\u00f3 a trav\u00e9s de este enlace unos 2.400 usuarios, gestion\u00f3 unas 3.600 solicitudes de encuentros con empresas y en torno a las 150 solicitudes de pruebas de selecci\u00f3n. En conjunto se tramitaron m\u00e1s de 3.700 CV.<\/p>\n\n\n\n<p>La Universidad Carlos III de Madrid sigue consiguiendo una alta tasa de inserci\u00f3n profesional de sus estudiantes. Seg\u00fan el \u00faltimo estudio disponible (promoci\u00f3n 2018), el 93,4 % de los titulados encontraron trabajo en el a\u00f1o siguiente a su graduaci\u00f3n. A ello contribuye su vocaci\u00f3n por atraer talento, la calidad de su oferta educativa y el apoyo a la empleabilidad de sus estudiantes que desarrolla el servicio \u00abUC3M Orientaci\u00f3n &amp; Empleo\u00bb a trav\u00e9s de numerosas iniciativas a lo largo de todo el curso en colaboraci\u00f3n con m\u00e1s de 6.000 empresas.<\/p>\n","protected":false},"excerpt":{"rendered":"<p>La principal Feria de Empleo Universitario de la Comunidad de Madrid, FOREMPLEO, de la Universidad Carlos III de Madrid, se celebrar\u00e1 del 6 al 8 de octubre.<\/p>\n","protected":false},"author":2,"featured_media":2791,"comment_status":"open","ping_status":"open","sticky":false,"template":"","format":"standard","meta":{"footnotes":""},"categories":[65],"tags":[330,137,1657,445,1658],"class_list":["post-2790","post","type-post","status-publish","format-standard","has-post-thumbnail","hentry","category-ofertas-de-empleo","tag-330","tag-empleo","tag-forempleo","tag-nueva","tag-oportunidad"],"amp_enabled":true,"_links":{"self":[{"href":"https:\/\/sucurriculum.com\/noticias\/wp-json\/wp\/v2\/posts\/2790","targetHints":{"allow":["GET"]}}],"collection":[{"href":"https:\/\/sucurriculum.com\/noticias\/wp-json\/wp\/v2\/posts"}],"about":[{"href":"https:\/\/sucurriculum.com\/noticias\/wp-json\/wp\/v2\/types\/post"}],"author":[{"embeddable":true,"href":"https:\/\/sucurriculum.com\/noticias\/wp-json\/wp\/v2\/users\/2"}],"replies":[{"embeddable":true,"href":"https:\/\/sucurriculum.com\/noticias\/wp-json\/wp\/v2\/comments?post=2790"}],"version-history":[{"count":1,"href":"https:\/\/sucurriculum.com\/noticias\/wp-json\/wp\/v2\/posts\/2790\/revisions"}],"predecessor-version":[{"id":2792,"href":"https:\/\/sucurriculum.com\/noticias\/wp-json\/wp\/v2\/posts\/2790\/revisions\/2792"}],"wp:featuredmedia":[{"embeddable":true,"href":"https:\/\/sucurriculum.com\/noticias\/wp-json\/wp\/v2\/media\/2791"}],"wp:attachment":[{"href":"https:\/\/sucurriculum.com\/noticias\/wp-json\/wp\/v2\/media?parent=2790"}],"wp:term":[{"taxonomy":"category","embeddable":true,"href":"https:\/\/sucurriculum.com\/noticias\/wp-json\/wp\/v2\/categories?post=2790"},{"taxonomy":"post_tag","embeddable":true,"href":"https:\/\/sucurriculum.com\/noticias\/wp-json\/wp\/v2\/tags?post=2790"}],"curies":[{"name":"wp","href":"https:\/\/api.w.org\/{rel}","templated":true}]}}