{"id":2787,"date":"2020-10-01T11:49:23","date_gmt":"2020-10-01T09:49:23","guid":{"rendered":"https:\/\/sucurriculum.com\/noticias\/?p=2787"},"modified":"2020-10-01T11:49:24","modified_gmt":"2020-10-01T09:49:24","slug":"ginebra-aprueba-un-salario-minimo-de-casi-3-800-euros-al-mes","status":"publish","type":"post","link":"https:\/\/sucurriculum.com\/noticias\/ginebra-aprueba-un-salario-minimo-de-casi-3-800-euros-al-mes\/","title":{"rendered":"Ginebra aprueba un salario m\u00ednimo de casi 3.800 euros al mes"},"content":{"rendered":"\n<p>Los habitantes de Ginebra, Suiza, votaron este domingo a favor de la propuesta de un salario m\u00ednimo de 23 francos suizos la hora \u2013unos 21,3 euros\u2013 para todos los que trabajan en esta ciudad, que es una de las m\u00e1s caras del mundo. La medida entrar\u00e1 en vigor a partir de mediados de octubre.<\/p>\n\n\n\n<p>Ginebra es una de las ciudades m\u00e1s caras del mundo, con un alquiler de un piso con dos habitaciones rondando lo 3.000 francos y un caf\u00e9 costando entre 4 y 5 francos. El salario m\u00ednimo garantizado ser\u00e1 de 4.086 francos suizos al mes por 42 horas de trabajo semanal, unos 3.785 euros, el m\u00e1s alto del mundo. La medida, en todo caso, es una rareza en el pa\u00eds: s\u00f3lo tres cantones, de 26, han adoptado un salario m\u00ednimo, junto a Jura y Neuch\u00e2tel. El propio Ejecutivo del cant\u00f3n y partidos de centro y derecha hab\u00edan pedido rechazar la propuesta.<\/p>\n\n\n\n<h4 class=\"wp-block-heading\">La izquierda y los sindicatos, grandes impulsores<\/h4>\n\n\n\n<p>La votaci\u00f3n ha enfrentado varios reveses en el pasado. En el 2014, los votantes votaron en contra de la introducci\u00f3n de un salario m\u00ednimo para toda la confederaci\u00f3n. Fueron necesarias tres veces en Ginebra para que los partidarios de esta medida social finalmente convencieran al 58% del electorado, unos 500.000 votantes, seg\u00fan los resultados oficiales publicados el domingo.<\/p>\n\n\n\n<p>Los partidos de izquierda y los sindicatos presentaron la medida como un medio para combatir la pobreza y la precariedad. La pandemia del coronavirus est\u00e1 golpeando duramente a una ciudad que depende en gran medida del turismo, los viajes de negocios y las idas y venidas de miles de diplom\u00e1ticos, expertos y otros altos funcionarios que visitan las numerosas agencias de la ONU con sede en la ciudad.<\/p>\n\n\n\n<p>La pobreza es cada vez m\u00e1s visible all\u00ed. As\u00ed, ya no es raro encontrarse largas filas para recibir alimentos u otros art\u00edculos esenciales. Unos 17.000 trabajadores cobrar\u00edan por debajo de este salario m\u00ednimo en la actualidad, seg\u00fan diversos sindicatos, afirmando que dos de cada tres son mujeres.<\/p>\n","protected":false},"excerpt":{"rendered":"<p>El salario m\u00ednimo garantizado ser\u00e1 de 4.086 francos suizos al mes por 42 horas de trabajo semanal, unos 3.785 euros, el m\u00e1s alto del mundo.<\/p>\n","protected":false},"author":2,"featured_media":2788,"comment_status":"open","ping_status":"open","sticky":false,"template":"","format":"standard","meta":{"footnotes":""},"categories":[66],"tags":[949,322,41,1656,28,245,972],"class_list":["post-2787","post","type-post","status-publish","format-standard","has-post-thumbnail","hentry","category-noticias-actualidad","tag-949","tag-aprueba","tag-euros","tag-ginebra","tag-mes","tag-minimo","tag-salario"],"amp_enabled":true,"_links":{"self":[{"href":"https:\/\/sucurriculum.com\/noticias\/wp-json\/wp\/v2\/posts\/2787","targetHints":{"allow":["GET"]}}],"collection":[{"href":"https:\/\/sucurriculum.com\/noticias\/wp-json\/wp\/v2\/posts"}],"about":[{"href":"https:\/\/sucurriculum.com\/noticias\/wp-json\/wp\/v2\/types\/post"}],"author":[{"embeddable":true,"href":"https:\/\/sucurriculum.com\/noticias\/wp-json\/wp\/v2\/users\/2"}],"replies":[{"embeddable":true,"href":"https:\/\/sucurriculum.com\/noticias\/wp-json\/wp\/v2\/comments?post=2787"}],"version-history":[{"count":1,"href":"https:\/\/sucurriculum.com\/noticias\/wp-json\/wp\/v2\/posts\/2787\/revisions"}],"predecessor-version":[{"id":2789,"href":"https:\/\/sucurriculum.com\/noticias\/wp-json\/wp\/v2\/posts\/2787\/revisions\/2789"}],"wp:featuredmedia":[{"embeddable":true,"href":"https:\/\/sucurriculum.com\/noticias\/wp-json\/wp\/v2\/media\/2788"}],"wp:attachment":[{"href":"https:\/\/sucurriculum.com\/noticias\/wp-json\/wp\/v2\/media?parent=2787"}],"wp:term":[{"taxonomy":"category","embeddable":true,"href":"https:\/\/sucurriculum.com\/noticias\/wp-json\/wp\/v2\/categories?post=2787"},{"taxonomy":"post_tag","embeddable":true,"href":"https:\/\/sucurriculum.com\/noticias\/wp-json\/wp\/v2\/tags?post=2787"}],"curies":[{"name":"wp","href":"https:\/\/api.w.org\/{rel}","templated":true}]}}