{"id":2752,"date":"2020-09-28T10:16:45","date_gmt":"2020-09-28T08:16:45","guid":{"rendered":"https:\/\/sucurriculum.com\/noticias\/?p=2752"},"modified":"2020-09-28T10:16:45","modified_gmt":"2020-09-28T08:16:45","slug":"toledo-y-albarreal-de-tajo-generara-300-empleos-temporales","status":"publish","type":"post","link":"https:\/\/sucurriculum.com\/noticias\/toledo-y-albarreal-de-tajo-generara-300-empleos-temporales\/","title":{"rendered":"Toledo y Albarreal de Tajo generar\u00e1 300 empleos temporales"},"content":{"rendered":"\n<p>El Ayuntamiento de Toledo ha firmado un protocolo de colaboraci\u00f3n con la empresa Soltec Energ\u00edas Renovables de cara a la construcci\u00f3n y puesta en marcha de dos parques fotovoltaicos, uno de ellos en el Pol\u00edgono de Toledo y otro en el t\u00e9rmino municipal de Albarreal del Tajo. Con estos dos proyectos la empresa generar\u00e1 alrededor de 300 empleos temporales -unos 150 para cada planta- durante un per\u00edodo de seis meses que se pueden consultar en este enlace de la la web del Consistorio.<\/p>\n\n\n\n<p>El acuerdo lo rubricaron esta semana la alcaldesa, Milagros Tol\u00f3n, y el director de f\u00e1brica y RRHH en Soltec Energ\u00edas Renovables, Luis Corrales, con la presencia del responsable de programas municipales de empleo, Juan Carlos Fern\u00e1ndez Layos. \u201cEl objetivo del protocolo es facilitar la inversi\u00f3n y dar facilidades a las empresas que quieren venir\u201d recalc\u00f3 la alcaldesa, que se\u00f1al\u00f3 que tambi\u00e9n se fomentar\u00e1n con esta iniciativa redes de formaci\u00f3n y de colaboraci\u00f3n con otras empresas.<\/p>\n\n\n\n<p>Electricistas, mec\u00e1nicos, soldadores, maquinistas o personal de administraci\u00f3n y limpieza son algunos de los puestos de trabajo para los que esta empresa busca candidatos en las pr\u00f3ximas semanas. En este sentido, se ha comprometido a contratar, siempre que sea posible, a personas desempleadas de la ciudad de Toledo, as\u00ed como tambi\u00e9n a empresas proveedoras y auxiliares de la capital.<\/p>\n\n\n\n<h4 class=\"wp-block-heading\">Caracter\u00edsticas de la planta de Toledo<\/h4>\n\n\n\n<p>La instalaci\u00f3n de esta planta solar fotovoltaica cuenta ya con la declaraci\u00f3n de impacto ambiental del proyecto, que est\u00e1 promovido por Ictio Toledo Solar, seg\u00fan refleja la Resoluci\u00f3n publicada en el Diario Oficial de Castilla-La Mancha (DOCM) el pasado 21 de septiembre. Se trata de una planta solar de 49,90 MW e infraestructuras de evacuaci\u00f3n que ocupar\u00e1 una superficie de 106,50 hect\u00e1reas. Adem\u00e1s, lleva asociada una subestaci\u00f3n de maniobras que podr\u00e1 tambi\u00e9n ser utilizada para la ampliaci\u00f3n del Pol\u00edgono Industrial. Tendr\u00e1 un per\u00edodo m\u00ednimo de funcionamiento de 20 a\u00f1os y se ubicar\u00e1 en un per\u00edmetro de vallado de aproximadamente 6.154 metros. La l\u00ednea el\u00e9ctrica de evacuaci\u00f3n se distribuir\u00e1 por el t\u00e9rmino municipal de Toledo, con una longitud de 6.125 metros y, seg\u00fan la \u00faltima modificaci\u00f3n del proyecto realizada por el promotor, la l\u00ednea el\u00e9ctrica de evacuaci\u00f3n tendr\u00e1 una parte a\u00e9rea (5.759 metros) y una parte subterr\u00e1nea (366 metros).<\/p>\n\n\n\n<p>El soterramiento se realizar\u00e1 con el objeto de cruzar la carretera TO-23, pr\u00f3ximo al punto kilom\u00e9trico 8 de la misma, as\u00ed como un gasoducto existente, elimin\u00e1ndose de este modo la instalaci\u00f3n de dos apoyos a\u00e9reos y permitiendo que la traza subterr\u00e1nea discurra paralela al camino de acceso de la subestaci\u00f3n el\u00e9ctrica con la consiguiente reducci\u00f3n de la afecci\u00f3n.<\/p>\n\n\n\n<p>El vial proyectado tendr\u00e1 un ancho de 5 metros y los viales interiores tendr\u00e1n un ancho de 4 metros. Ambos se asentar\u00e1n sobre la explanada natural previamente compactada y retirados los primeros cent\u00edmetros del terreno natural.<\/p>\n\n\n\n<h4 class=\"wp-block-heading\">Facilitar oportunidades de empleo<\/h4>\n\n\n\n<p>En esta comparecencia, la alcaldesa alab\u00f3 la labor del concejal de Promoci\u00f3n Econ\u00f3mica y Empleo, Francisco Rueda, para promover los contactos con este tipo de empresas y sacar adelante oportunidades laborales para la ciudadan\u00eda.<\/p>\n\n\n\n<p>En este sentido, Tol\u00f3n indic\u00f3 que actualmente hay 240 personas trabajando en los planes de empleo que se est\u00e1n desarrollando en la capital regional, adem\u00e1s de otros 18 que van a incorporase a trav\u00e9s del programa operativo de empleo, formaci\u00f3n y educaci\u00f3n (POEFE), y de otras 30 que lo har\u00e1n mediante el programa Recual.<\/p>\n\n\n\n<p>Tambi\u00e9n, otro programa destinado a personas mayores de 55 a\u00f1os facilitar\u00e1 el empleo de entre 15 y 20 personas y la iniciativa MonteMadrid, aprobado ya por la Junta, supondr\u00e1 la puesta en marcha de proyectos de restauraci\u00f3n en la ciudad con 14 personas.<\/p>\n","protected":false},"excerpt":{"rendered":"<p>Con estos dos proyectos la empresa generar\u00e1 alrededor de 300 empleos temporales<\/p>\n","protected":false},"author":2,"featured_media":2753,"comment_status":"open","ping_status":"open","sticky":false,"template":"","format":"standard","meta":{"footnotes":""},"categories":[2],"tags":[566,1626,95,1627,612,1625],"class_list":["post-2752","post","type-post","status-publish","format-standard","has-post-thumbnail","hentry","category-noticias","tag-566","tag-albarreal","tag-empleos","tag-tajo","tag-temporales","tag-toledo"],"amp_enabled":true,"_links":{"self":[{"href":"https:\/\/sucurriculum.com\/noticias\/wp-json\/wp\/v2\/posts\/2752","targetHints":{"allow":["GET"]}}],"collection":[{"href":"https:\/\/sucurriculum.com\/noticias\/wp-json\/wp\/v2\/posts"}],"about":[{"href":"https:\/\/sucurriculum.com\/noticias\/wp-json\/wp\/v2\/types\/post"}],"author":[{"embeddable":true,"href":"https:\/\/sucurriculum.com\/noticias\/wp-json\/wp\/v2\/users\/2"}],"replies":[{"embeddable":true,"href":"https:\/\/sucurriculum.com\/noticias\/wp-json\/wp\/v2\/comments?post=2752"}],"version-history":[{"count":1,"href":"https:\/\/sucurriculum.com\/noticias\/wp-json\/wp\/v2\/posts\/2752\/revisions"}],"predecessor-version":[{"id":2754,"href":"https:\/\/sucurriculum.com\/noticias\/wp-json\/wp\/v2\/posts\/2752\/revisions\/2754"}],"wp:featuredmedia":[{"embeddable":true,"href":"https:\/\/sucurriculum.com\/noticias\/wp-json\/wp\/v2\/media\/2753"}],"wp:attachment":[{"href":"https:\/\/sucurriculum.com\/noticias\/wp-json\/wp\/v2\/media?parent=2752"}],"wp:term":[{"taxonomy":"category","embeddable":true,"href":"https:\/\/sucurriculum.com\/noticias\/wp-json\/wp\/v2\/categories?post=2752"},{"taxonomy":"post_tag","embeddable":true,"href":"https:\/\/sucurriculum.com\/noticias\/wp-json\/wp\/v2\/tags?post=2752"}],"curies":[{"name":"wp","href":"https:\/\/api.w.org\/{rel}","templated":true}]}}