{"id":2744,"date":"2020-09-23T11:45:34","date_gmt":"2020-09-23T09:45:34","guid":{"rendered":"https:\/\/sucurriculum.com\/noticias\/?p=2744"},"modified":"2020-09-23T11:45:35","modified_gmt":"2020-09-23T09:45:35","slug":"el-empleo-extranjero-vuelve-a-subir-en-agosto","status":"publish","type":"post","link":"https:\/\/sucurriculum.com\/noticias\/el-empleo-extranjero-vuelve-a-subir-en-agosto\/","title":{"rendered":"El empleo extranjero vuelve a subir en agosto"},"content":{"rendered":"\n<p>La Seguridad Social gan\u00f3 13.611 afiliados extranjeros en agosto, lo que supone un alza del 0,66% frente a julio y el cuarto mes seguido al alza, seg\u00fan los datos publicados este martes por el Ministerio de Inclusi\u00f3n, Seguridad Social y Migraciones. La afiliaci\u00f3n entre los extranjeros, con 2.062.871 trabajadores de media en agosto, sigue no obstante por debajo de la cifras de agosto de 2019, un 3,28% menos, lo que representa 70.035 activos menos de media.<\/p>\n\n\n\n<p>Mirando las cifras de cierre de mes, y no las medias, frente al \u00faltimo d\u00eda de marzo, la Seguridad Social detalla que a 31 de agosto se hab\u00edan recuperado 79.229 afiliados for\u00e1neos desde el \u00faltimo d\u00eda marzo, mes en el que empez\u00f3 el impacto de la pandemia de la Covid-19.<\/p>\n\n\n\n<p>En el conjunto del sistema de la Seguridad Social, los extranjeros representaban en agosto un 10,98 % del total de afiliados de media. De ellos, 1.309.743 proced\u00edan de pa\u00edses de fuera de la Uni\u00f3n Europea, el 63,49%; y el resto, de pa\u00edses comunitarios. Un 56,59% fueron hombres (1.167.437), mientras que las mujeres supusieron el 43,41% del total (895.434).<\/p>\n\n\n\n<p>Por pa\u00edses, Ruman\u00eda (323.520), Marruecos (248.703), Italia (127.524) y China (98.657) fueron los m\u00e1s numerosos. Les siguieron los trabajadores nacionales de Colombia (82.484), Venezuela (75.839), Ecuador (70.683), el Reino Unido (61.349), y Bulgaria (56.981). Tambi\u00e9n se registraron m\u00e1s de 50.000 afiliados procedentes de Portugal (54.867).<\/p>\n\n\n\n<p>Por comunidades aut\u00f3nomas, sumaron afiliados extranjeros la mayor\u00eda, encabezadas por Cantabria, con un alza del 4,36%; Extremadura, un 3,75%; Asturias, un 3,42%; Navarra, un 3,41%; La Rioja, 2,88%; y Galicia, 2,47%.<\/p>\n\n\n\n<p>Por el contrario, perdieron trabajadores nacionales de otros pa\u00edses Castilla-La Mancha (4,35%), Arag\u00f3n (1,55%) y Murcia (1,40 %). Por reg\u00edmenes, como es habitual, la mayor\u00eda de los afiliados extranjeros se encuadr\u00f3 en el R\u00e9gimen General, con 1.699.160 trabajadores (incluye el Sistema Especial Agrario, con 191.529 ocupados, y el de Hogar, con 159.061).<\/p>\n\n\n\n<p>Le siguieron el R\u00e9gimen de Aut\u00f3nomos con 358.792 afiliados; el R\u00e9gimen Especial del Mar, con 4.885, y el del Carb\u00f3n, con 35. Por sectores, los que m\u00e1s crecieron fueron personal dom\u00e9stico, un 7,75%; actividades administrativas, 3,41%; y hosteler\u00eda, 2,29%. Por el contrario, los sectores que m\u00e1s afiliados perdieron fueron Educaci\u00f3n (8,75%) y Agricultura, Ganader\u00eda, Caza, Selvicultura y Pesca (3,04%).<\/p>\n","protected":false},"excerpt":{"rendered":"<p>La Seguridad Social gan\u00f3 13.611 afiliados extranjeros en agosto, lo que supone un alza del 0,66% frente a julio y el cuarto mes seguido al alza.<\/p>\n","protected":false},"author":2,"featured_media":2745,"comment_status":"open","ping_status":"open","sticky":false,"template":"","format":"standard","meta":{"footnotes":""},"categories":[66],"tags":[1529,137,1621,1328,1622],"class_list":["post-2744","post","type-post","status-publish","format-standard","has-post-thumbnail","hentry","category-noticias-actualidad","tag-agosto","tag-empleo","tag-extranjero","tag-subir","tag-vuelve"],"amp_enabled":true,"_links":{"self":[{"href":"https:\/\/sucurriculum.com\/noticias\/wp-json\/wp\/v2\/posts\/2744","targetHints":{"allow":["GET"]}}],"collection":[{"href":"https:\/\/sucurriculum.com\/noticias\/wp-json\/wp\/v2\/posts"}],"about":[{"href":"https:\/\/sucurriculum.com\/noticias\/wp-json\/wp\/v2\/types\/post"}],"author":[{"embeddable":true,"href":"https:\/\/sucurriculum.com\/noticias\/wp-json\/wp\/v2\/users\/2"}],"replies":[{"embeddable":true,"href":"https:\/\/sucurriculum.com\/noticias\/wp-json\/wp\/v2\/comments?post=2744"}],"version-history":[{"count":1,"href":"https:\/\/sucurriculum.com\/noticias\/wp-json\/wp\/v2\/posts\/2744\/revisions"}],"predecessor-version":[{"id":2746,"href":"https:\/\/sucurriculum.com\/noticias\/wp-json\/wp\/v2\/posts\/2744\/revisions\/2746"}],"wp:featuredmedia":[{"embeddable":true,"href":"https:\/\/sucurriculum.com\/noticias\/wp-json\/wp\/v2\/media\/2745"}],"wp:attachment":[{"href":"https:\/\/sucurriculum.com\/noticias\/wp-json\/wp\/v2\/media?parent=2744"}],"wp:term":[{"taxonomy":"category","embeddable":true,"href":"https:\/\/sucurriculum.com\/noticias\/wp-json\/wp\/v2\/categories?post=2744"},{"taxonomy":"post_tag","embeddable":true,"href":"https:\/\/sucurriculum.com\/noticias\/wp-json\/wp\/v2\/tags?post=2744"}],"curies":[{"name":"wp","href":"https:\/\/api.w.org\/{rel}","templated":true}]}}