{"id":2738,"date":"2020-09-23T11:24:49","date_gmt":"2020-09-23T09:24:49","guid":{"rendered":"https:\/\/sucurriculum.com\/noticias\/?p=2738"},"modified":"2020-09-23T11:24:49","modified_gmt":"2020-09-23T09:24:49","slug":"el-gobierno-elimina-la-obligacion-de-buscar-empleo","status":"publish","type":"post","link":"https:\/\/sucurriculum.com\/noticias\/el-gobierno-elimina-la-obligacion-de-buscar-empleo\/","title":{"rendered":"El Gobierno elimina la obligaci\u00f3n de buscar empleo"},"content":{"rendered":"\n<p>El Gobierno aprobar\u00e1, en la reuni\u00f3n que mantendr\u00e1 este viernes el Consejo de Ministros, el ingreso m\u00ednimo vital, una prestaci\u00f3n que el Ejecutivo se comprometi\u00f3 a que fuera aprobada antes de junio y en la que ha trabajado a contrarreloj durante el \u00faltimo mes y medio.<\/p>\n\n\n\n<p>El Gobierno ha aprovechado este martes el decreto ley de teletrabajo para &#8216;colar&#8217; nuevas pautas para la tramitaci\u00f3n del ingreso m\u00ednimo vital (IMV), que desde su puesta en marcha en mayo ha recibido numerosas cr\u00edticas por la lentitud con la que se reconoce esta prestaci\u00f3n. <\/p>\n\n\n\n<p><strong>En t\u00e9rminos generales ha eliminado requisitos y modificado el procedimiento para acelerar la tramitaci\u00f3n y, en su caso, reconocimiento de la prestaci\u00f3n.<\/strong> Y tambi\u00e9n para ampliar la poblaci\u00f3n que pueda acceder a \u00e9l. Por ejemplo, a partir de ahora se elimina la obligaci\u00f3n de los estudiantes a tiempo completo, personas que cuidan a dependientes o con alguna discapacidad tengan que estar registradas como demandantes de empleo como requisito previo para solicitar la prestaci\u00f3n.<\/p>\n\n\n\n<p>Por otra parte, solo las personas \u00abmenores de 30 a\u00f1os\u00bb deber\u00e1n demostrar que los tres a\u00f1os previos a la solicitud han vivido de modo independiente, en su caso de sus progenitores. El Gobierno pretend\u00eda evitar con este requisito que el ingreso m\u00ednimo se convirtiera en una \u00abrenta de emancipaci\u00f3n\u00bb pero ahora se limita a los m\u00e1s j\u00f3venes, al entender que este riesgo no existe en personas m\u00e1s mayores.<\/p>\n\n\n\n<p>Otra de las modificaciones ampl\u00eda el plazo en el que el IMV se cobrar\u00e1 de forma retroactiva. Hasta ahora, las prestaciones que se reconocieran hasta el 15 de septiembre se cobrar\u00edan desde el 1 de junio de 2020. Con el cambio, todas las solicitudes presentadas hasta el 31 de diciembre de 2020 que sean resueltas favorablemente tendr\u00e1n efectos retroactivos desde el 1 de junio de este a\u00f1o.<\/p>\n\n\n\n<h4 class=\"wp-block-heading\">Agilizar la tramitaci\u00f3n<\/h4>\n\n\n\n<p>Los cambios aprobados este mi\u00e9rcoles buscan aligerar la tramitaci\u00f3n del IMV, que desde su puesta en marcha ha recibido cr\u00edticas por el retraso y el reducido n\u00famero de prestaciones reconocidas.<\/p>\n\n\n\n<p>Para acelerar el proceso, de ahora en adelante se establece un primer filtro de las solicitudes, para comprobar en primer lugar el requisito de renta y patrimonio. Si no se cumple, se inadmitir\u00e1 la solicitud, liberando recursos para resolver las solicitudes que s\u00ed lo cumplen, informa el Gobierno.<\/p>\n\n\n\n<p>Por otra parte, se automatiza la verificaci\u00f3n de los datos de empadronamiento cuando sea posible y se facilita el acceso a datos de los que ya disponen las comunidades aut\u00f3nomas. Seg\u00fan ha indicado la portavoz del Gobierno, Mar\u00eda Jes\u00fas Montero, el Gobierno \u00abfacilitar\u00e1\u00bb que quienes ya cobren una renta auton\u00f3mica puedan percibir el IMV, en un intento de no prologar el proceso.<\/p>\n","protected":false},"excerpt":{"rendered":"<p>El Gobierno aprobar\u00e1, en la reuni\u00f3n que mantendr\u00e1 este viernes el Consejo de Ministros, el ingreso m\u00ednimo vital, una prestaci\u00f3n que el Ejecutivo se comprometi\u00f3 a que fuera aprobada antes de junio.<\/p>\n","protected":false},"author":2,"featured_media":2739,"comment_status":"open","ping_status":"open","sticky":false,"template":"","format":"standard","meta":{"footnotes":""},"categories":[35],"tags":[1617,1615,137,246,245,1616,247],"class_list":["post-2738","post","type-post","status-publish","format-standard","has-post-thumbnail","hentry","category-ayudas","tag-buscar","tag-elimina","tag-empleo","tag-ingreso","tag-minimo","tag-obligacion","tag-vital"],"amp_enabled":true,"_links":{"self":[{"href":"https:\/\/sucurriculum.com\/noticias\/wp-json\/wp\/v2\/posts\/2738","targetHints":{"allow":["GET"]}}],"collection":[{"href":"https:\/\/sucurriculum.com\/noticias\/wp-json\/wp\/v2\/posts"}],"about":[{"href":"https:\/\/sucurriculum.com\/noticias\/wp-json\/wp\/v2\/types\/post"}],"author":[{"embeddable":true,"href":"https:\/\/sucurriculum.com\/noticias\/wp-json\/wp\/v2\/users\/2"}],"replies":[{"embeddable":true,"href":"https:\/\/sucurriculum.com\/noticias\/wp-json\/wp\/v2\/comments?post=2738"}],"version-history":[{"count":1,"href":"https:\/\/sucurriculum.com\/noticias\/wp-json\/wp\/v2\/posts\/2738\/revisions"}],"predecessor-version":[{"id":2740,"href":"https:\/\/sucurriculum.com\/noticias\/wp-json\/wp\/v2\/posts\/2738\/revisions\/2740"}],"wp:featuredmedia":[{"embeddable":true,"href":"https:\/\/sucurriculum.com\/noticias\/wp-json\/wp\/v2\/media\/2739"}],"wp:attachment":[{"href":"https:\/\/sucurriculum.com\/noticias\/wp-json\/wp\/v2\/media?parent=2738"}],"wp:term":[{"taxonomy":"category","embeddable":true,"href":"https:\/\/sucurriculum.com\/noticias\/wp-json\/wp\/v2\/categories?post=2738"},{"taxonomy":"post_tag","embeddable":true,"href":"https:\/\/sucurriculum.com\/noticias\/wp-json\/wp\/v2\/tags?post=2738"}],"curies":[{"name":"wp","href":"https:\/\/api.w.org\/{rel}","templated":true}]}}