{"id":2728,"date":"2020-09-22T11:03:17","date_gmt":"2020-09-22T09:03:17","guid":{"rendered":"https:\/\/sucurriculum.com\/noticias\/?p=2728"},"modified":"2020-09-22T12:05:36","modified_gmt":"2020-09-22T10:05:36","slug":"almacen-de-valdemoro-busca-500-mozs","status":"publish","type":"post","link":"https:\/\/sucurriculum.com\/noticias\/almacen-de-valdemoro-busca-500-mozs\/","title":{"rendered":"Almacen de Valdemoro busca 500 moz@s"},"content":{"rendered":"\n<p>Desde EUROCEN precisan incorporar mozo\/as de almac\u00e9n para trabajar en uno de los Centros Log\u00edsticos de mayor referencia de la Comunidad de Madrid dotado de las \u00faltimas novedades tecnol\u00f3gicas del sector.<\/p>\n\n\n\n<p>Tendr\u00e1s un contrato temporal, en funci\u00f3n de las necesidades del cliente y volumen de trabajo, con posibilidades de continuidad. Ofrecemos jornadas a tiempo completo y parciales en turnos fijos de MA\u00d1ANA, TARDE y NOCHE que elegir\u00e1s en funci\u00f3n de tus necesidades. Se precisa disponibilidad de Lunes a Domingo librando dos d\u00edas seg\u00fan cuadrante.<\/p>\n\n\n\n<p>Adem\u00e1s Adecco pone a disposici\u00f3n de los trabajadores una ruta de transporte totalmente GRATUITA para acceder al centro de trabajo ubicado en VALDEMORO.<\/p>\n\n\n\n<p>Para esta posici\u00f3n ser\u00e1 valorable que cuentes con experiencia en las funciones de un puesto con estas caracter\u00edsticas, carga y descarga de mercanc\u00eda, preparaci\u00f3n de pedidos, picking, packing, clasificaci\u00f3n y ubicaci\u00f3n de producto, flejado de la mercanc\u00eda y despaletizaci\u00f3n, paletizado, reaprovisionamiento de materiales, empaquetado de regalos y resoluci\u00f3n de incidencias, entre otras.<\/p>\n\n\n\n<p>En caso de no contar con dicha experiencia, es importante que te puedas desenvolver en un entorno tecnol\u00f3gico.<\/p>\n\n\n\n<p>Te encargar\u00e1s de la carga y descarga de mercanc\u00eda y clasificado de la misma, desalarmado, ubicaci\u00f3n y picking, preparaci\u00f3n de pedidos, packing, paletizado, reaprovisionamiento de materiales, empaquetado de regalos y resoluci\u00f3n de incidencias, entre otras.<\/p>\n\n\n\n<p>Si vives en la Comunidad de Madrid o en el norte de la provincia de Toledo y tienes disponibilidad de incorporaci\u00f3n inmediata, <a href=\"https:\/\/www.adecco.es\/oferta-trabajo\/mozoa-almacen-valdemoro?ID=88ca2814-a659-40f7-88d2-e0aed86294d7\">NO DUDES EN APUNTARTE A LA OFERTA.<\/a><\/p>\n","protected":false},"excerpt":{"rendered":"<p>Desde EUROCEN precisan incorporar mozo\/as de almac\u00e9n para trabajar en uno de los Centros Log\u00edsticos de mayor referencia de la Comunidad de Madrid.<\/p>\n","protected":false},"author":2,"featured_media":2737,"comment_status":"open","ping_status":"open","sticky":false,"template":"","format":"standard","meta":{"footnotes":""},"categories":[65],"tags":[207,1436,1608,96,1610,1609],"class_list":["post-2728","post","type-post","status-publish","format-standard","has-post-thumbnail","hentry","category-ofertas-de-empleo","tag-207","tag-almacen","tag-eurocen","tag-madrid","tag-mozos","tag-valdemoro"],"amp_enabled":true,"_links":{"self":[{"href":"https:\/\/sucurriculum.com\/noticias\/wp-json\/wp\/v2\/posts\/2728","targetHints":{"allow":["GET"]}}],"collection":[{"href":"https:\/\/sucurriculum.com\/noticias\/wp-json\/wp\/v2\/posts"}],"about":[{"href":"https:\/\/sucurriculum.com\/noticias\/wp-json\/wp\/v2\/types\/post"}],"author":[{"embeddable":true,"href":"https:\/\/sucurriculum.com\/noticias\/wp-json\/wp\/v2\/users\/2"}],"replies":[{"embeddable":true,"href":"https:\/\/sucurriculum.com\/noticias\/wp-json\/wp\/v2\/comments?post=2728"}],"version-history":[{"count":1,"href":"https:\/\/sucurriculum.com\/noticias\/wp-json\/wp\/v2\/posts\/2728\/revisions"}],"predecessor-version":[{"id":2730,"href":"https:\/\/sucurriculum.com\/noticias\/wp-json\/wp\/v2\/posts\/2728\/revisions\/2730"}],"wp:featuredmedia":[{"embeddable":true,"href":"https:\/\/sucurriculum.com\/noticias\/wp-json\/wp\/v2\/media\/2737"}],"wp:attachment":[{"href":"https:\/\/sucurriculum.com\/noticias\/wp-json\/wp\/v2\/media?parent=2728"}],"wp:term":[{"taxonomy":"category","embeddable":true,"href":"https:\/\/sucurriculum.com\/noticias\/wp-json\/wp\/v2\/categories?post=2728"},{"taxonomy":"post_tag","embeddable":true,"href":"https:\/\/sucurriculum.com\/noticias\/wp-json\/wp\/v2\/tags?post=2728"}],"curies":[{"name":"wp","href":"https:\/\/api.w.org\/{rel}","templated":true}]}}