{"id":2719,"date":"2020-09-17T10:32:08","date_gmt":"2020-09-17T08:32:08","guid":{"rendered":"https:\/\/sucurriculum.com\/noticias\/?p=2719"},"modified":"2020-09-17T10:32:08","modified_gmt":"2020-09-17T08:32:08","slug":"el-hospital-privado-de-lucena-creara-mas-de-300-empleos-directos","status":"publish","type":"post","link":"https:\/\/sucurriculum.com\/noticias\/el-hospital-privado-de-lucena-creara-mas-de-300-empleos-directos\/","title":{"rendered":"El hospital privado de Lucena crear\u00e1 mas de 300 empleos directos"},"content":{"rendered":"\n<p>La empresa Amaveca Salud S.L, promotora del Hospital \u00abCiudad de Lucena\u00bb ha iniciado el d\u00eda 15 de septiembre, el proceso de recepci\u00f3n de solicitudes para quienes deseen integrarse en la plantilla profesional de este centro sanitario privado. Sin embargo, ante la evoluci\u00f3n de la pandemia de Covid-19, las expectativas de trabajo generadas en la poblaci\u00f3n y la previsi\u00f3n de que el inicio de este proceso pudiera dar lugar a una gran concentraci\u00f3n de personas en las instalaciones del hospital, la direcci\u00f3n de la empresa ha sustituido la entrega presencial de solicitudes por una recogida telem\u00e1tica.<\/p>\n\n\n\n<p>As\u00ed, el martes Amaveca Salud S.L habilitar\u00e1 la web amavecasalud.com, donde se podr\u00e1n enviar los archivos que contengan la documentaci\u00f3n que cada persona considere oportuna para validar su solicitud, formaci\u00f3n o experiencia laboral.<\/p>\n\n\n\n<p>Seg\u00fan el gerente de la entidad, Juan Carlos Mart\u00edn, posteriormente, se citar\u00e1 presencialmente para una entrevista a aquellos solicitantes cuyo perfil resulte m\u00e1s adecuado para cada puesto de trabajo.<\/p>\n\n\n\n<p>El directivo del futuro centro sanitario indic\u00f3n que se precisan todos aquellos empleos relacionados con la familia sanitaria, as\u00ed como personal de administraci\u00f3n, limpieza o restauraci\u00f3n. La empresa promotora calcula que, una vez que el centro se encuentre a pleno rendimiento, podr\u00e1 generar m\u00e1s de 300 empleos directos.<\/p>\n\n\n\n<h4 class=\"wp-block-heading\">Buen ritmo de las obras<\/h4>\n\n\n\n<p>Mart\u00edn explic\u00f3 que las obras del complejo sanitario marchan seg\u00fan el cronograma previsto y que a lo largo del mes de septiembre esperan finalizar las dos plantas de hospitalaci\u00f3n general, que ser\u00e1n las primeras instalaciones que entren en funcionamiento si la evoluci\u00f3n de la pandemia lo hiciese necesario, ya durante el mes de octubre. En estas dos plantas el centro dispone de un m\u00e1ximo de 74 camas distribuidas en 37 habitaciones \u00abcon la posibilidad de que funcionen de forma totalmente aut\u00f3noma y aislada del resto de las instalaciones\u00bb.<\/p>\n\n\n\n<p>Posteriormente se ir\u00e1n concluyendo el resto de servicios sanitarios con los que contar\u00e1 el centro: consultas externas, urgencias, quir\u00f3fanos, sala de partos, hospital de d\u00eda, pruebas diagn\u00f3sticas y fisioterapia, entre otras dependencias.<\/p>\n\n\n\n<p>La promotora de este complejo sanitario ha invertido 24 millones de euros en la transformaci\u00f3n para este nuevo uso de las instalaciones del antiguo hotel Prestige Lucena, en el Parque Empresarial \u00abPr\u00edncipe Felipe\u00bb de Lucena.<\/p>\n","protected":false},"excerpt":{"rendered":"<p>La empresa Amaveca Salud S.L, promotora del Hospital \u00abCiudad de Lucena\u00bb ha iniciado el d\u00eda 15 de septiembre, el proceso de recepci\u00f3n de solicitudes para quienes deseen integrarse en la plantilla profesional de este centro sanitario privado.<\/p>\n","protected":false},"author":2,"featured_media":2720,"comment_status":"open","ping_status":"open","sticky":false,"template":"","format":"standard","meta":{"footnotes":""},"categories":[65],"tags":[566,750,95,954,1605,1604],"class_list":["post-2719","post","type-post","status-publish","format-standard","has-post-thumbnail","hentry","category-ofertas-de-empleo","tag-566","tag-directos","tag-empleos","tag-hospital","tag-lucena","tag-privado"],"amp_enabled":true,"_links":{"self":[{"href":"https:\/\/sucurriculum.com\/noticias\/wp-json\/wp\/v2\/posts\/2719","targetHints":{"allow":["GET"]}}],"collection":[{"href":"https:\/\/sucurriculum.com\/noticias\/wp-json\/wp\/v2\/posts"}],"about":[{"href":"https:\/\/sucurriculum.com\/noticias\/wp-json\/wp\/v2\/types\/post"}],"author":[{"embeddable":true,"href":"https:\/\/sucurriculum.com\/noticias\/wp-json\/wp\/v2\/users\/2"}],"replies":[{"embeddable":true,"href":"https:\/\/sucurriculum.com\/noticias\/wp-json\/wp\/v2\/comments?post=2719"}],"version-history":[{"count":1,"href":"https:\/\/sucurriculum.com\/noticias\/wp-json\/wp\/v2\/posts\/2719\/revisions"}],"predecessor-version":[{"id":2721,"href":"https:\/\/sucurriculum.com\/noticias\/wp-json\/wp\/v2\/posts\/2719\/revisions\/2721"}],"wp:featuredmedia":[{"embeddable":true,"href":"https:\/\/sucurriculum.com\/noticias\/wp-json\/wp\/v2\/media\/2720"}],"wp:attachment":[{"href":"https:\/\/sucurriculum.com\/noticias\/wp-json\/wp\/v2\/media?parent=2719"}],"wp:term":[{"taxonomy":"category","embeddable":true,"href":"https:\/\/sucurriculum.com\/noticias\/wp-json\/wp\/v2\/categories?post=2719"},{"taxonomy":"post_tag","embeddable":true,"href":"https:\/\/sucurriculum.com\/noticias\/wp-json\/wp\/v2\/tags?post=2719"}],"curies":[{"name":"wp","href":"https:\/\/api.w.org\/{rel}","templated":true}]}}