{"id":2712,"date":"2020-09-15T11:34:18","date_gmt":"2020-09-15T09:34:18","guid":{"rendered":"https:\/\/sucurriculum.com\/noticias\/?p=2712"},"modified":"2020-09-15T11:34:18","modified_gmt":"2020-09-15T09:34:18","slug":"fuenlabrada-contratara-a-80-parados-de-larga-duracion","status":"publish","type":"post","link":"https:\/\/sucurriculum.com\/noticias\/fuenlabrada-contratara-a-80-parados-de-larga-duracion\/","title":{"rendered":"Fuenlabrada contratar\u00e1 a 80 parados de larga duraci\u00f3n"},"content":{"rendered":"\n<p>El Ayuntamiento de Fuenlabrada va a contratar a 80 personas desempleadas de larga duraci\u00f3n, mayores de 30 a\u00f1os, pertenecientes a diferentes perfiles profesionales. Incorporaciones que corresponden a la segunda fase del Plan de Empleo, un programa de reactivaci\u00f3n profesional financiado conjuntamente por el Ayuntamiento, la Comunidad de Madrid y el Ministerio de Trabajo.<\/p>\n\n\n\n<p>Est\u00e1 enmarcado en el \u2018Programa de Reconstrucci\u00f3n de la Econom\u00eda y el Empleo\u2019 de la ciudad, con el que el Consistorio quiere paliar los efectos de la crisis de la Covid-19 y que contempla, entre otras acciones, la contrataci\u00f3n de alrededor de 300 personas en situaci\u00f3n de desempleo.<\/p>\n\n\n\n<p>Los primeros 100 trabajadores de la primera fase de este plan se han incorporado ya a sus puestos a principios de agosto. Ahora, se abre el periodo de inscripci\u00f3n de esta segunda que culminar\u00e1 con la contrataci\u00f3n de 80 personas a partir del mes de noviembre.<\/p>\n\n\n\n<p>Los puestos a cubrir son: 18 t\u00e9cnicos en la Administraci\u00f3n General, 35 auxiliares administrativos, 3 informadores ambientales, 9 conductores con carn\u00e9 C, 7 oficiales de pintura, 7 ayudantes de pintura y un delineante.<\/p>\n\n\n\n<p>Los beneficiarios deber\u00e1n, adem\u00e1s de estar en situaci\u00f3n de desempleo de larga duraci\u00f3n y ser mayor de 30 a\u00f1os, cumplir unos requisitos acad\u00e9micos o profesionales. La duraci\u00f3n del contrato ser\u00e1 de seis meses, recibiendo tambi\u00e9n formaci\u00f3n de 90 horas en otras competencias transversales.<\/p>\n\n\n\n<p>Las inscripciones pueden realizarse en la Oficina de Empleo de Fuenlabrada, que ser\u00e1 la encargada de la preselecci\u00f3n de los candidatos que cumplan los requisitos.<\/p>\n\n\n\n<p><strong>El contacto con dicha oficina se podr\u00e1 hacer telef\u00f3nicamente a trav\u00e9s de los n\u00fameros: 91078354 \/ 916153197 o telem\u00e1ticamente a trav\u00e9s del correo o.e.fuenlabrada@madrid.org indicando el DNI o NIE y la ocupaci\u00f3n solicitada.<\/strong><\/p>\n\n\n\n<p>Para m\u00e1s informaci\u00f3n se puede contactar con el CIFE (Centro Municipal para la Formaci\u00f3n y el Empleo de Fuenlabrada) a trav\u00e9s del tel\u00e9fono 91 6062512, en el mail <strong>cife.info@ayto-fuenlabrada.es<\/strong> y en la web <a href=\"http:\/\/www.cife-fuenlabrada.es\">www.cife-fuenlabrada.es<\/a><\/p>\n","protected":false},"excerpt":{"rendered":"<p>El Ayuntamiento de Fuenlabrada va a contratar a 80 personas desempleadas de larga duraci\u00f3n, mayores de 30 a\u00f1os, pertenecientes a diferentes perfiles profesionales.<\/p>\n","protected":false},"author":2,"featured_media":2713,"comment_status":"open","ping_status":"open","sticky":false,"template":"","format":"standard","meta":{"footnotes":""},"categories":[620],"tags":[719,722,1602,1136,812,119],"class_list":["post-2712","post","type-post","status-publish","format-standard","has-post-thumbnail","hentry","category-empleo-publico","tag-719","tag-contratacion","tag-duracion-2","tag-fuenlabrada","tag-larga","tag-parados"],"amp_enabled":true,"_links":{"self":[{"href":"https:\/\/sucurriculum.com\/noticias\/wp-json\/wp\/v2\/posts\/2712","targetHints":{"allow":["GET"]}}],"collection":[{"href":"https:\/\/sucurriculum.com\/noticias\/wp-json\/wp\/v2\/posts"}],"about":[{"href":"https:\/\/sucurriculum.com\/noticias\/wp-json\/wp\/v2\/types\/post"}],"author":[{"embeddable":true,"href":"https:\/\/sucurriculum.com\/noticias\/wp-json\/wp\/v2\/users\/2"}],"replies":[{"embeddable":true,"href":"https:\/\/sucurriculum.com\/noticias\/wp-json\/wp\/v2\/comments?post=2712"}],"version-history":[{"count":1,"href":"https:\/\/sucurriculum.com\/noticias\/wp-json\/wp\/v2\/posts\/2712\/revisions"}],"predecessor-version":[{"id":2714,"href":"https:\/\/sucurriculum.com\/noticias\/wp-json\/wp\/v2\/posts\/2712\/revisions\/2714"}],"wp:featuredmedia":[{"embeddable":true,"href":"https:\/\/sucurriculum.com\/noticias\/wp-json\/wp\/v2\/media\/2713"}],"wp:attachment":[{"href":"https:\/\/sucurriculum.com\/noticias\/wp-json\/wp\/v2\/media?parent=2712"}],"wp:term":[{"taxonomy":"category","embeddable":true,"href":"https:\/\/sucurriculum.com\/noticias\/wp-json\/wp\/v2\/categories?post=2712"},{"taxonomy":"post_tag","embeddable":true,"href":"https:\/\/sucurriculum.com\/noticias\/wp-json\/wp\/v2\/tags?post=2712"}],"curies":[{"name":"wp","href":"https:\/\/api.w.org\/{rel}","templated":true}]}}