{"id":2706,"date":"2020-09-14T17:51:28","date_gmt":"2020-09-14T15:51:28","guid":{"rendered":"https:\/\/sucurriculum.com\/noticias\/?p=2706"},"modified":"2020-09-14T17:51:28","modified_gmt":"2020-09-14T15:51:28","slug":"140-teleoperadores-para-una-empresa-de-contact-center-de-jerez","status":"publish","type":"post","link":"https:\/\/sucurriculum.com\/noticias\/140-teleoperadores-para-una-empresa-de-contact-center-de-jerez\/","title":{"rendered":"140 teleoperadores para una empresa de contact center de Jerez"},"content":{"rendered":"\n<p>Una importante empresa multinacional de Contact Center busca 140 personas para incorporarse al departamento de Atenci\u00f3n al Cliente en Jerez de la Frontera (C\u00e1diz). El proceso de selecci\u00f3n de las 140 incorporaciones previstas estar\u00e1 capitaneado por Adecco, que se encargar\u00e1 de cubrir las vacantes.<\/p>\n\n\n\n<p>De esta forma, Adecco seleccionar\u00e1 a 100 teleoperadores\/as de atenci\u00f3n al cliente y gesti\u00f3n de incidencias t\u00e9cnicas y a 40 agentes de ventas para emisi\u00f3n de llamadas de empresas en pleno auge del sector energ\u00e9tico.Una gran oportunidad para todos aquellos que busquen estabilidad laboral y crecer en un nuevo proyecto profesional.<\/p>\n\n\n\n<p>Las personas que quieran acceder a la <a href=\"https:\/\/www.adecco.es\/oferta-trabajo\/41386-teleoperadora-atencion-al-cliente-jerez-de-la-frontera?ID=8f4f4755-0495-41eb-a0d0-d36386388f16\">oferta de teleoperador\/a<\/a> deber\u00e1n poseer estudios de Bachillerato o Ciclo de Grado Medio o Superior. Para la <a href=\"https:\/\/www.adecco.es\/oferta-trabajo\/41386-agente-de-ventas-jerez-de-la-frontera?ID=2d19b49e-17c7-4dfb-9d01-194586b991f7\">oferta de agentes de ventas<\/a> es imprescindible la Educaci\u00f3n Secundaria Obligatoria. Adem\u00e1s, se valorar\u00e1 experiencia previa de uno o dos a\u00f1os en Atenci\u00f3n al Cliente y en Ventas.<\/p>\n\n\n\n<p>Las principales funciones de los empleados en esta empresa multinacional de Contact Center ser\u00e1n la recepci\u00f3n y tramitaci\u00f3n de llamadas de clientes, informaci\u00f3n y venta sobre nuevos servicios y productos, y la resoluci\u00f3n de consultas e incidencias t\u00e9cnicas maximizando la satisfacci\u00f3n del cliente.<\/p>\n\n\n\n<p>Los perfiles seleccionados recibir\u00e1n una formaci\u00f3n inicial online para facilitar la adaptaci\u00f3n laboral y un horario de trabajo estable. En el caso de los teleoperadores\/as la contrataci\u00f3n es de 25 a 38 horas\/semanales, seg\u00fan disponibilidad. Los agentes de ventas tendr\u00e1n jornada de tarde y los fines de semana y festivos libres. Adem\u00e1s, dispondr\u00e1n de la remuneraci\u00f3n base seg\u00fan convenio m\u00e1s incentivos por ventas realizadas.<\/p>\n","protected":false},"excerpt":{"rendered":"<p>Una importante empresa multinacional de Contact Center busca 140 personas para incorporarse al departamento de Atenci\u00f3n al Cliente en Jerez de la Frontera (C\u00e1diz). <\/p>\n","protected":false},"author":2,"featured_media":2707,"comment_status":"open","ping_status":"open","sticky":false,"template":"","format":"standard","meta":{"footnotes":""},"categories":[65],"tags":[1596,1599,1598,1594,1600,1597],"class_list":["post-2706","post","type-post","status-publish","format-standard","has-post-thumbnail","hentry","category-ofertas-de-empleo","tag-1596","tag-center","tag-contact","tag-empresa","tag-jerez","tag-teleoperadores"],"amp_enabled":true,"_links":{"self":[{"href":"https:\/\/sucurriculum.com\/noticias\/wp-json\/wp\/v2\/posts\/2706","targetHints":{"allow":["GET"]}}],"collection":[{"href":"https:\/\/sucurriculum.com\/noticias\/wp-json\/wp\/v2\/posts"}],"about":[{"href":"https:\/\/sucurriculum.com\/noticias\/wp-json\/wp\/v2\/types\/post"}],"author":[{"embeddable":true,"href":"https:\/\/sucurriculum.com\/noticias\/wp-json\/wp\/v2\/users\/2"}],"replies":[{"embeddable":true,"href":"https:\/\/sucurriculum.com\/noticias\/wp-json\/wp\/v2\/comments?post=2706"}],"version-history":[{"count":1,"href":"https:\/\/sucurriculum.com\/noticias\/wp-json\/wp\/v2\/posts\/2706\/revisions"}],"predecessor-version":[{"id":2708,"href":"https:\/\/sucurriculum.com\/noticias\/wp-json\/wp\/v2\/posts\/2706\/revisions\/2708"}],"wp:featuredmedia":[{"embeddable":true,"href":"https:\/\/sucurriculum.com\/noticias\/wp-json\/wp\/v2\/media\/2707"}],"wp:attachment":[{"href":"https:\/\/sucurriculum.com\/noticias\/wp-json\/wp\/v2\/media?parent=2706"}],"wp:term":[{"taxonomy":"category","embeddable":true,"href":"https:\/\/sucurriculum.com\/noticias\/wp-json\/wp\/v2\/categories?post=2706"},{"taxonomy":"post_tag","embeddable":true,"href":"https:\/\/sucurriculum.com\/noticias\/wp-json\/wp\/v2\/tags?post=2706"}],"curies":[{"name":"wp","href":"https:\/\/api.w.org\/{rel}","templated":true}]}}