{"id":2457,"date":"2020-08-20T08:24:44","date_gmt":"2020-08-20T06:24:44","guid":{"rendered":"https:\/\/sucurriculum.com\/noticias\/?p=2457"},"modified":"2020-08-20T08:24:44","modified_gmt":"2020-08-20T06:24:44","slug":"amazon-ultima-la-apertura-en-murcia","status":"publish","type":"post","link":"https:\/\/sucurriculum.com\/noticias\/amazon-ultima-la-apertura-en-murcia\/","title":{"rendered":"Amazon ultima la apertura en Murcia"},"content":{"rendered":"\n<p>La multinacional Amazon est\u00e1 ultimando estos d\u00edas su desembarco en la Regi\u00f3n de Murcia para poner en marcha la que ser\u00e1 su principal plataforma log\u00edstica en el sureste espa\u00f1ol y desde la que se dar\u00e1 servicio a toda esta zona del pa\u00eds. <\/p>\n\n\n\n<p>La pandemia del coronavirus no ha pasado factura a los plazos con los que trabajaba la empresa y las obras llegar\u00e1n a su fin en la fecha prevista, ya que un centenar de trabajadores se han empleado a fondo desde febrero para que as\u00ed sea.<\/p>\n\n\n\n<p>Las instalaciones en el Parque Log\u00edstico del Sureste, junto al aeropuerto de Corvera, est\u00e1n pr\u00e1cticamente terminadas y la previsi\u00f3n es que concluyan en las pr\u00f3ximas semanas y que pueda abrir sus puertas para comenzar a distribuir paqueter\u00eda en la Regi\u00f3n y las provincias lim\u00edtrofes.<\/p>\n\n\n\n<p>Las instalaciones de la multinacional en este parque empresarial tienen unos 17.000 metros cuadrados y se ubican en una parcela de unos 55.000 metros, infraestructura que ha sido levantada en tiempo r\u00e9cord por la empresa murciana Pavasal, que le trabaja directamente a otra compa\u00f1\u00eda de la Regi\u00f3n, Hispavima, la que ha desarrollado la plataforma para Amazon.<\/p>\n\n\n\n<p>Las previsiones de la compa\u00f1\u00eda son crear m\u00e1s de una treintena de puestos de trabajo directos, a los que se sumar\u00e1n los de las empresas de reparto con las que trabajar\u00e1 de forma directa, que contar\u00e1n con m\u00e1s de 200 conductores para asumir la carga de trabajo que prev\u00e9 la multinacional.<\/p>\n\n\n\n<p>Desde Amazon explican que \u00abla estaci\u00f3n log\u00edstica de Murcia es un centro destinado a la \u00faltima milla, es decir, a la recepci\u00f3n de pedidos ya preparados previamente en los centros log\u00edsticos y de distribuci\u00f3n, y que llegan en cami\u00f3n de forma diaria para ser clasificados y posteriormente salir a reparto a trav\u00e9s de las empresas transportistas que colaboran con Amazon para hacer llegar los pedidos a los clientes\u00bb.<\/p>\n\n\n\n<p>Las previsiones de la compa\u00f1\u00eda son comenzar a operar colaborando con cinco empresas de reparto independientes \u00abpara proporcionar la entrega r\u00e1pida y fiable que los clientes de Amazon tanto valoran y en la que conf\u00edan\u00bb.<\/p>\n\n\n\n<p>Los responsables de Amazon no quieren anunciar a\u00fan la fecha de apertura, aunque los empleados que est\u00e1n dando los \u00faltimos retoques a la nave afirman que los trabajos terminar\u00e1n esta misma semana y la previsi\u00f3n es que comience a funcionar en los primeros d\u00edas de septiembre. El interior est\u00e1 terminado y es un espacio di\u00e1fano, sin separaciones, en el que ya est\u00e1n preparadas las estanter\u00edas con ruedas que servir\u00e1n para almacenar los paquetes que lleguen en las cajas de cart\u00f3n con la t\u00edpica sonrisa de la compa\u00f1\u00eda dibujada.<\/p>\n\n\n\n<p>Una vez acabado el almac\u00e9n log\u00edstico, la pr\u00f3xima semana los trabajos se centrar\u00e1n en las obras del aparcamiento exterior que acaban de comenzar y que en estos momentos est\u00e1n en la fase de hacer la cimentaci\u00f3n escalonada.<\/p>\n\n\n\n<p>El concejal de Desarrollo Sostenible del Ayuntamiento de Murcia, encargado de las competencias de Urbanismo, Antonio Navarro Corch\u00f3n, indica que para una actividad de este tipo la empresa no necesita licencia de apertura para comenzar a operar y que es suficiente con que presente una declaraci\u00f3n responsable, ya que no se trata de una actividad industrial que tenga un impacto sobre el medio ambiente. \u00abSe trata de un tr\u00e1mite r\u00e1pido y sencillo\u00bb, afirma.<\/p>\n\n\n\n<p>Sobre la llegada de Amazon al municipio de Murcia y a la Regi\u00f3n, Navarro Corch\u00f3n asegura que \u00abes fundamental contar con una multinacional de estas caracter\u00edsticas en el Parque Sureste, ya que este espacio que se ha creado en las inmediaciones del Aeropuerto de Corvera supone una de las grandes bolsas de suelo industrial del municipio y su presencia en \u00e9l atraer\u00e1 a otras grandes empresas que tambi\u00e9n apostar\u00e1n por Murcia\u00bb.<\/p>\n","protected":false},"excerpt":{"rendered":"<p>La multinacional Amazon est\u00e1 ultimando estos d\u00edas su desembarco en la Regi\u00f3n de Murcia para poner en marcha la que ser\u00e1 su principal plataforma log\u00edstica en el sureste espa\u00f1ol y desde la que se dar\u00e1 servicio a toda esta zona del pa\u00eds.<\/p>\n","protected":false},"author":2,"featured_media":2458,"comment_status":"open","ping_status":"open","sticky":false,"template":"","format":"standard","meta":{"footnotes":""},"categories":[65],"tags":[108,623,793,1530],"class_list":["post-2457","post","type-post","status-publish","format-standard","has-post-thumbnail","hentry","category-ofertas-de-empleo","tag-amazon","tag-apertura","tag-murcia","tag-ultima"],"amp_enabled":true,"_links":{"self":[{"href":"https:\/\/sucurriculum.com\/noticias\/wp-json\/wp\/v2\/posts\/2457","targetHints":{"allow":["GET"]}}],"collection":[{"href":"https:\/\/sucurriculum.com\/noticias\/wp-json\/wp\/v2\/posts"}],"about":[{"href":"https:\/\/sucurriculum.com\/noticias\/wp-json\/wp\/v2\/types\/post"}],"author":[{"embeddable":true,"href":"https:\/\/sucurriculum.com\/noticias\/wp-json\/wp\/v2\/users\/2"}],"replies":[{"embeddable":true,"href":"https:\/\/sucurriculum.com\/noticias\/wp-json\/wp\/v2\/comments?post=2457"}],"version-history":[{"count":1,"href":"https:\/\/sucurriculum.com\/noticias\/wp-json\/wp\/v2\/posts\/2457\/revisions"}],"predecessor-version":[{"id":2459,"href":"https:\/\/sucurriculum.com\/noticias\/wp-json\/wp\/v2\/posts\/2457\/revisions\/2459"}],"wp:featuredmedia":[{"embeddable":true,"href":"https:\/\/sucurriculum.com\/noticias\/wp-json\/wp\/v2\/media\/2458"}],"wp:attachment":[{"href":"https:\/\/sucurriculum.com\/noticias\/wp-json\/wp\/v2\/media?parent=2457"}],"wp:term":[{"taxonomy":"category","embeddable":true,"href":"https:\/\/sucurriculum.com\/noticias\/wp-json\/wp\/v2\/categories?post=2457"},{"taxonomy":"post_tag","embeddable":true,"href":"https:\/\/sucurriculum.com\/noticias\/wp-json\/wp\/v2\/tags?post=2457"}],"curies":[{"name":"wp","href":"https:\/\/api.w.org\/{rel}","templated":true}]}}