{"id":2450,"date":"2020-08-19T19:39:55","date_gmt":"2020-08-19T17:39:55","guid":{"rendered":"https:\/\/sucurriculum.com\/noticias\/?p=2450"},"modified":"2020-08-25T16:39:06","modified_gmt":"2020-08-25T14:39:06","slug":"mercadona-dispone-de-nuevos-puestos-en-agosto","status":"publish","type":"post","link":"https:\/\/sucurriculum.com\/noticias\/mercadona-dispone-de-nuevos-puestos-en-agosto\/","title":{"rendered":"Mercadona dispone de nuevos puestos en agosto"},"content":{"rendered":"\n<p>La empresa Mercadona empieza el mes de agosto ofertando cientos de puestos de trabajo en sus supermercados, bloques log\u00edsticos y servicios centrales en un total de 22 provincias espa\u00f1olas.<\/p>\n\n\n\n<p>La cadena de distribuci\u00f3n presidida por Juan Roig opta por seguir as\u00ed reforzando su plantilla, que al cierre del pasado ejercicio super\u00f3 los 90.000 efectivos en Espa\u00f1a y Portugal.<\/p>\n\n\n\n<p>En plena recesi\u00f3n por los efectos del Covid-19 y con el mercado laboral en ca\u00edda libre, la compa\u00f1\u00eda valenciana ha optado por acelerar las inversiones previstas este a\u00f1o para contribuir a la reactivaci\u00f3n econ\u00f3mica. Un proceso que lleva aparejada la creaci\u00f3n de nuevos puestos de trabajo.<\/p>\n\n\n\n<p>\u00bfC\u00f3mo se puede acceder a estos puestos? Los interesados deben registrarse con un perfil propio en el portal de empleo de la empresa al que se accede exclusivamente a trav\u00e9s de su <a href=\"https:\/\/mercadona.avature.net\/es_ES\/Careers\/SearchJobs\/?3_60_3=243&amp;jobOffset=20\">p\u00e1gina web<\/a>. Cabe destacar que la empresa no acepta curr\u00edculos en sus tiendas ni solicitudes por tel\u00e9fono.<\/p>\n\n\n\n<p>Los candidatos deben inscribirse en todas aquellas ofertas que deseen. Para ello, resulta inprescidible la inscripci\u00f3n previa en la bolsa de empleo de la empresa, a la que se accede mediante un sencillo proceso de tres pasos consistente en el env\u00edo de los datos personales, el curr\u00edculo (que se puede gestionar a trav\u00e9s de Linkedin) y en un cuestionario que plantea la empresa.<\/p>\n\n\n\n<p>Los puestos de trabajo que se ofertan son tanto temporales, para personal de supermercado , como fijos para t\u00e9cnicos de mantenimiento, ingenieros industriales, inform\u00e1ticos y de telecomunicaciones. Para los empleos de perfil cualficado, los sueldos anuales van desde los 22.900 a los 69.500 euros anuales.<\/p>\n","protected":false},"excerpt":{"rendered":"<p>La empresa Mercadona empieza el mes de agosto ofertando cientos de puestos de trabajo en sus supermercados, bloques log\u00edsticos y servicios centrales en un total de 22 provincias espa\u00f1olas.<\/p>\n","protected":false},"author":2,"featured_media":2451,"comment_status":"open","ping_status":"open","sticky":false,"template":"","format":"standard","meta":{"footnotes":""},"categories":[65],"tags":[1529,95,209,884],"class_list":["post-2450","post","type-post","status-publish","format-standard","has-post-thumbnail","hentry","category-ofertas-de-empleo","tag-agosto","tag-empleos","tag-mercadona","tag-nuevos"],"amp_enabled":true,"_links":{"self":[{"href":"https:\/\/sucurriculum.com\/noticias\/wp-json\/wp\/v2\/posts\/2450","targetHints":{"allow":["GET"]}}],"collection":[{"href":"https:\/\/sucurriculum.com\/noticias\/wp-json\/wp\/v2\/posts"}],"about":[{"href":"https:\/\/sucurriculum.com\/noticias\/wp-json\/wp\/v2\/types\/post"}],"author":[{"embeddable":true,"href":"https:\/\/sucurriculum.com\/noticias\/wp-json\/wp\/v2\/users\/2"}],"replies":[{"embeddable":true,"href":"https:\/\/sucurriculum.com\/noticias\/wp-json\/wp\/v2\/comments?post=2450"}],"version-history":[{"count":1,"href":"https:\/\/sucurriculum.com\/noticias\/wp-json\/wp\/v2\/posts\/2450\/revisions"}],"predecessor-version":[{"id":2452,"href":"https:\/\/sucurriculum.com\/noticias\/wp-json\/wp\/v2\/posts\/2450\/revisions\/2452"}],"wp:featuredmedia":[{"embeddable":true,"href":"https:\/\/sucurriculum.com\/noticias\/wp-json\/wp\/v2\/media\/2451"}],"wp:attachment":[{"href":"https:\/\/sucurriculum.com\/noticias\/wp-json\/wp\/v2\/media?parent=2450"}],"wp:term":[{"taxonomy":"category","embeddable":true,"href":"https:\/\/sucurriculum.com\/noticias\/wp-json\/wp\/v2\/categories?post=2450"},{"taxonomy":"post_tag","embeddable":true,"href":"https:\/\/sucurriculum.com\/noticias\/wp-json\/wp\/v2\/tags?post=2450"}],"curies":[{"name":"wp","href":"https:\/\/api.w.org\/{rel}","templated":true}]}}