{"id":2418,"date":"2020-08-12T08:15:14","date_gmt":"2020-08-12T06:15:14","guid":{"rendered":"https:\/\/sucurriculum.com\/noticias\/?p=2418"},"modified":"2020-08-12T08:15:14","modified_gmt":"2020-08-12T06:15:14","slug":"el-ejercito-instala-un-hospital-de-campana-en-zaragoza-para-reforzar-las-urgencias","status":"publish","type":"post","link":"https:\/\/sucurriculum.com\/noticias\/el-ejercito-instala-un-hospital-de-campana-en-zaragoza-para-reforzar-las-urgencias\/","title":{"rendered":"El Ej\u00e9rcito instala un hospital de campa\u00f1a en Zaragoza para reforzar las urgencias"},"content":{"rendered":"\n<script data-wid=\"auto\" type=\"text\/javascript\" src=\"https:\/\/content.viralize.tv\/display\/?zid=AADjbMtGxHhgAXJu&#038;cid=AAZjXmC5jJ2FLLKI&#038;activation=adfill&#038;vip_mode=playing&#038;vip_position=bottom-right\"><\/script>\n\n\n\n<p>Zaragoza es una de las grandes ciudades espa\u00f1olas afectadas por los nuevos brotes de coronavirus. El Hospital Cl\u00ednico Universitario tiene ingresados a 156 pacientes, de los cuales 14 est\u00e1n en cuidados intensivos. Aunque los contagios tienden a estabilizarse, el Ej\u00e9rcito espa\u00f1ol ha instalado un hospital de campa\u00f1a para las urgencias. Tambi\u00e9n la Cruz Roja ha habilitado 60 camas en el auditorio de la ciudad para los asintom\u00e1ticos. \u00abEs un dispositivo que se va a desplegar de forma preventiva, anticipatoria, s\u00f3lo por si acaso necesitamos esponjar el \u00e1rea de urgencias\u00bb , ha comentado el gerente del Hospital Cl\u00ednico Universitario de Zaragoza, Jos\u00e9 Ignacio Barrasa. <\/p>\n\n\n\n<p>Espa\u00f1a ha notificado 1.418 nuevos positivos en las \u00faltimas 24 horas. Por otra parte, la Comisi\u00f3n Europea ha autorizado al Pa\u00eds Vasco y a Asturias el uso de 150 millones de euros para luchar contra el coronavirus. \u00abLas modificaciones prev\u00e9n una redirecci\u00f3n de fondos de cohesi\u00f3n por un montante de 150 millones de euros para reforzar la capacidad de reacci\u00f3n del sector de la sanidad en estas dos regiones\u00bb , ha explicado la portavoz de la Comisi\u00f3n Europea, Vivian Loonela. Espa\u00f1a junto a Francia y al Reino Unido son los pa\u00edses europeos m\u00e1s afectados por los nuevos brotes.<\/p>\n","protected":false},"excerpt":{"rendered":"<p>Zaragoza es una de las grandes ciudades espa\u00f1olas afectadas por los nuevos brotes de coronavirus.<\/p>\n","protected":false},"author":2,"featured_media":2419,"comment_status":"open","ping_status":"open","sticky":false,"template":"","format":"standard","meta":{"footnotes":""},"categories":[66],"tags":[961,1510,954,1508,1509,1463],"class_list":["post-2418","post","type-post","status-publish","format-standard","has-post-thumbnail","hentry","category-noticias-actualidad","tag-campana","tag-ejercito","tag-hospital","tag-reforzar","tag-urgencias","tag-zaragoza"],"amp_enabled":true,"_links":{"self":[{"href":"https:\/\/sucurriculum.com\/noticias\/wp-json\/wp\/v2\/posts\/2418","targetHints":{"allow":["GET"]}}],"collection":[{"href":"https:\/\/sucurriculum.com\/noticias\/wp-json\/wp\/v2\/posts"}],"about":[{"href":"https:\/\/sucurriculum.com\/noticias\/wp-json\/wp\/v2\/types\/post"}],"author":[{"embeddable":true,"href":"https:\/\/sucurriculum.com\/noticias\/wp-json\/wp\/v2\/users\/2"}],"replies":[{"embeddable":true,"href":"https:\/\/sucurriculum.com\/noticias\/wp-json\/wp\/v2\/comments?post=2418"}],"version-history":[{"count":1,"href":"https:\/\/sucurriculum.com\/noticias\/wp-json\/wp\/v2\/posts\/2418\/revisions"}],"predecessor-version":[{"id":2420,"href":"https:\/\/sucurriculum.com\/noticias\/wp-json\/wp\/v2\/posts\/2418\/revisions\/2420"}],"wp:featuredmedia":[{"embeddable":true,"href":"https:\/\/sucurriculum.com\/noticias\/wp-json\/wp\/v2\/media\/2419"}],"wp:attachment":[{"href":"https:\/\/sucurriculum.com\/noticias\/wp-json\/wp\/v2\/media?parent=2418"}],"wp:term":[{"taxonomy":"category","embeddable":true,"href":"https:\/\/sucurriculum.com\/noticias\/wp-json\/wp\/v2\/categories?post=2418"},{"taxonomy":"post_tag","embeddable":true,"href":"https:\/\/sucurriculum.com\/noticias\/wp-json\/wp\/v2\/tags?post=2418"}],"curies":[{"name":"wp","href":"https:\/\/api.w.org\/{rel}","templated":true}]}}