{"id":2413,"date":"2020-08-11T09:26:27","date_gmt":"2020-08-11T07:26:27","guid":{"rendered":"https:\/\/sucurriculum.com\/noticias\/?p=2413"},"modified":"2020-08-11T18:09:09","modified_gmt":"2020-08-11T16:09:09","slug":"se-plantea-que-quien-cobre-el-imv-tendra-que-aceptar-realizar-trabajos-para-la-comunidad","status":"publish","type":"post","link":"https:\/\/sucurriculum.com\/noticias\/se-plantea-que-quien-cobre-el-imv-tendra-que-aceptar-realizar-trabajos-para-la-comunidad\/","title":{"rendered":"Se plantea que quien cobre el IMV tendr\u00e1 que aceptar realizar trabajos para la comunidad"},"content":{"rendered":"\n<p>Ingreso m\u00ednimo vital s\u00ed, pero con contrapartida. Es uno de los planteamientos en los que trabaja el Gobierno para evitar que el coste de su medida social estrella sea cuestionado por Bruselas cuando Espa\u00f1a comience a recibir, a principios del a\u00f1o que viene, las ayudas del fondo europeo para la recuperaci\u00f3n.<\/p>\n\n\n\n<p>El Ministerio de Seguridad Social ha estimado que el coste de la renta m\u00ednima se elevar\u00e1 a unos 3.000 millones de euros al a\u00f1o, financiados con cargo a los Presupuestos Generales del Estado, y beneficiar\u00e1 a unos 850.000 hogares.<\/p>\n\n\n\n<p>Podr\u00e1 complementarse, adem\u00e1s, con otras rentas salariales, as\u00ed como con otras prestaciones de las autonom\u00edas.<\/p>\n\n\n\n<h4 class=\"wp-block-heading\">Un \u201cretoque\u201d del ingreso m\u00ednimo vital<\/h4>\n\n\n\n<p>Moncloa teme que la Comisi\u00f3n Europea, y sobre todo el Consejo Europeo, impongan a Espa\u00f1a un \u201cretoque importante\u201d en el ingreso m\u00ednimo vital, la medida que m\u00e1s ha defendido Pablo Iglesias, a partir de enero de 2021.<\/p>\n\n\n\n<p>Hasta ahora, la Comisi\u00f3n Europea se ha encargado de fiscalizar las medidas econ\u00f3micas del Gobierno.<\/p>\n\n\n\n<p>Pero la crisis del coronavirus ha relanzado el papel del Consejo Europeo, el organismo que re\u00fane a los 27 jefes de Estado y de Gobierno de la Uni\u00f3n. Este \u00faltimo foro puede tener la \u00faltima palabra para la entrega del dinero a Espa\u00f1a, y en el Ejecutivo de S\u00e1nchez creen que su posici\u00f3n ser\u00e1 menos generosa que la de la Comisi\u00f3n.<\/p>\n\n\n\n<h4 class=\"wp-block-heading\">Aceptar trabajos de colaboraci\u00f3n social<\/h4>\n\n\n\n<p>Seg\u00fan las fuentes del Gobierno consultadas, uno de los retoques que se plantea el Ejecutivo de cara a Bruselas es que los beneficiarios del ingreso m\u00ednimo vital tengan que aceptar desempe\u00f1ar \u201ctrabajos de colaboraci\u00f3n social\u201d a cambio de recibir cada mes la prestaci\u00f3n.<\/p>\n\n\n\n<p><strong>Se baraja que este tipo de labores, que van desde tareas de jardiner\u00eda y limpieza de calles a las de reforestaci\u00f3n\u2026 puedan ser exigidas a los perceptores del ingreso m\u00ednimo.<\/strong><\/p>\n\n\n\n<p>As\u00ed las cosas, se contempla que el Gobierno promueva la celebraci\u00f3n de conciertos, especialmente con ayuntamientos y entidades sin \u00e1nimo de lucro, en los que se identifiquen, en las condiciones que reglamentariamente se establezcan, estos \u201ctrabajos de colaboraci\u00f3n social\u201d.<\/p>\n\n\n\n<h4 class=\"wp-block-heading\">Se empezar\u00e1 por parados con ingreso m\u00ednimo<\/h4>\n\n\n\n<p>Explican que uno de los primeros colectivos que se seleccionar\u00e1 para el desempe\u00f1o de estas labores ser\u00e1n los parados que cobran el ingreso m\u00ednimo vital. Se crear\u00e1n programas \u201cde inter\u00e9s social\u201d que beneficien a la comunidad y, para llevarlos a cabo, los organismos podr\u00e1n solicitar la aportaci\u00f3n de la mano de obra necesaria al Servicio P\u00fablico de Empleo.<\/p>\n\n\n\n<p><strong>El SEPE seleccionar\u00e1 a los desempleados que cobran la prestaci\u00f3n y que se ajusten al perfil demandado, y los enviar\u00e1 al organismo que los haya solicitado. Una vez all\u00ed, los parados tendr\u00e1n que pasar por un proceso de selecci\u00f3n.<\/strong><\/p>\n\n\n\n<p>Las actividades de inter\u00e9s social son servicios de utilidad colectiva, servicios de medio ambiente, de desarrollo cultural y de asistencia social. Hay que destacar que estos servicios deben ser creados; es decir, que no deben existir previamente, para evitar que se sustituyan empleos estables por estos de \u201ccolaboraci\u00f3n social\u201d.<\/p>\n\n\n\n<h4 class=\"wp-block-heading\">Una f\u00f3rmula que ya se aplica a los desempleados<\/h4>\n\n\n\n<p>En el Ejecutivo explican que esta f\u00f3rmula es similar a la que ya se aplica a los desempleados. Si un parado est\u00e1 cobrando la prestaci\u00f3n, el Servicio P\u00fablico de Empleo Estatal (SEPE) puede exigirle el desempe\u00f1o de un trabajo de colaboraci\u00f3n social.<\/p>\n\n\n\n<p>Se trata de trabajos para una Administraci\u00f3n P\u00fablica que deben reunir los siguientes requisitos: ser de utilidad social y destinarse al beneficio de la comunidad, tener car\u00e1cter temporal, coincidir con las aptitudes f\u00edsicas y formativas de la persona, y no suponer un cambio de residencia habitual.<\/p>\n\n\n\n<p>El SEPE puede obligar a aceptar estos trabajos por un m\u00e1ximo de tiempo igual al que dure el subsidio, y no implicar\u00e1n relaci\u00f3n laboral entre el desempleado y la administraci\u00f3n en la que los desarrolle.<\/p>\n\n\n\n<p>Por tanto, el parado tiene derecho a percibir la prestaci\u00f3n por desempleo que le corresponda, m\u00e1s un complemento hasta llegar al importe total de la base reguladora que se utiliz\u00f3 para el c\u00e1lculo de su prestaci\u00f3n contributiva, es decir, aproximadamente se cobra lo mismo que la media de lo que cobr\u00f3 el trabajador en sus \u00faltimos seis meses de trabajo antes de pedir el paro. En todo caso, se garantiza el Salario M\u00ednimo Interprofesional (SMI).<\/p>\n\n\n\n<p>Aunque no exista relaci\u00f3n laboral, la Administraci\u00f3n est\u00e1 obligada a formalizar la cobertura de las contingencias de accidentes de trabajo y enfermedades profesionales por el trabajador, y a ingresar en la Tesorer\u00eda General de la Seguridad Social las cuotas correspondientes.<\/p>\n\n\n\n<h4 class=\"wp-block-heading\">Las ventajas de obligar a una contrapartida<\/h4>\n\n\n\n<p>Los defensores de obligar a esta contrapartida por el cobro del ingreso m\u00ednimo explican que la comunidad se beneficia de algo; es decir, la sociedad obtiene alguna mejora, que repercute en el bienestar de todos los ciudadanos. Adem\u00e1s, las personas que participan en estos programas ven incrementados sus ingresos.<\/p>\n\n\n\n<p>Los trabajadores temporales de colaboraci\u00f3n social se recualifican y mejoran sus posibilidades de insertarse posteriormente al mercado laboral. Es uno de los objetivos que se busca incentivar precisamente con el ingreso m\u00ednimo vital.<\/p>\n\n\n\n<p>Destacan tambi\u00e9n que no se est\u00e1 sustituyendo, en ning\u00fan caso, a trabajadores tradicionales (con derecho a cotizaciones, a vacaciones, a pagas extras, a salarios completamente a cargo de la empresa) por \u201ctrabajadores baratos\u201d (sin todos esos derechos) porque los puestos de trabajo no son los mismos.<\/p>\n\n\n\n<p>Se incrementa la experiencia de los desempleados, se evita que se \u201coxiden\u201d y, adem\u00e1s, se les dan diez horas mensuales de formaci\u00f3n te\u00f3rica. Recuerdan que la mejor formaci\u00f3n es la que se recibe de forma directa, es decir, practicando una labor. Tambi\u00e9n defienden que con este programa se consigue disminuir el gasto en prestaciones sociales.<\/p>\n\n\n\n<h4 class=\"wp-block-heading\">No se podr\u00e1 rechazar un trabajo<\/h4>\n\n\n\n<p>Una de las principales cr\u00edticas de los empresarios al ingreso m\u00ednimo es que puede desincentivar la b\u00fasqueda activa de empleo. Al percibir cierto dinero del Estado, se corre el riesgo de que los beneficiarios pierdan inter\u00e9s por buscar trabajo y salir de su situaci\u00f3n de pobreza.<\/p>\n\n\n\n<p>As\u00ed las cosas, seg\u00fan ha podido saber Confidencial Digital por fuentes conocedoras de la reforma de la medida estrella del Gobierno, los beneficiarios en paro, adem\u00e1s de tener que estar inscritos como demandantes de empleo como ya se contemplaba, perder\u00e1n la ayuda en caso de \u201crechazar un trabajo adecuado\u201d.<\/p>\n\n\n\n<p>Esta causa de cancelaci\u00f3n del subsidio tambi\u00e9n afectar\u00e1 a los beneficiarios que se encuentren trabajando. Es decir, si el empleado rechaza cambios en las condiciones de empleo que conllevar\u00edan una mejora en el nivel de ingresos, es decir, un aumento que permitir\u00eda suspender el cobro al superar los umbrales, se le anular\u00e1 la prestaci\u00f3n.<\/p>\n\n\n\n<h4 class=\"wp-block-heading\">Disposici\u00f3n a subvencionar contratos<\/h4>\n\n\n\n<p>Los empresarios han reclamado tambi\u00e9n que se subvencionen los contratos que las empresas firmen con perceptores de la renta m\u00ednima. Es decir, que el Estado premie a las empresas que contraten a beneficiarios de la prestaci\u00f3n.<\/p>\n\n\n\n<p>Seg\u00fan las fuentes consultadas por ECD, el Ministerio de Seguridad Social est\u00e1 dispuesto a aceptar esta petici\u00f3n como \u201cuna manera de implicar al sector privado\u201d.<\/p>\n\n\n\n<p>Las empresas que ayuden a encontrar empleo o con descuentos a personas identificadas como vulnerables a trav\u00e9s de la \u201ctarjeta social\u201d, podr\u00e1n obtener ventajas, por ejemplo, en las cotizaciones a la Seguridad Social, mediante la concesi\u00f3n de un \u201csello social\u201d.<\/p>\n\n\n\n<p>Se trata de \u201cgestos\u201d, reconocen en el Gobierno, para mantener los puentes con la CEOE.<\/p>\n","protected":false},"excerpt":{"rendered":"<p>Ingreso m\u00ednimo vital s\u00ed, pero con contrapartida. Es uno de los planteamientos en los que trabaja el Gobierno para evitar que el coste de su medida social estrella sea cuestionado por Bruselas.<\/p>\n","protected":false},"author":2,"featured_media":2414,"comment_status":"open","ping_status":"open","sticky":false,"template":"","format":"standard","meta":{"footnotes":""},"categories":[66],"tags":[1507,721,246,245,381,1478,689,1506,1420,247],"class_list":["post-2413","post","type-post","status-publish","format-standard","has-post-thumbnail","hentry","category-noticias-actualidad","tag-cobre","tag-comunidad","tag-ingreso","tag-minimo","tag-plantea","tag-que","tag-quien","tag-se","tag-trabajos","tag-vital"],"amp_enabled":true,"_links":{"self":[{"href":"https:\/\/sucurriculum.com\/noticias\/wp-json\/wp\/v2\/posts\/2413","targetHints":{"allow":["GET"]}}],"collection":[{"href":"https:\/\/sucurriculum.com\/noticias\/wp-json\/wp\/v2\/posts"}],"about":[{"href":"https:\/\/sucurriculum.com\/noticias\/wp-json\/wp\/v2\/types\/post"}],"author":[{"embeddable":true,"href":"https:\/\/sucurriculum.com\/noticias\/wp-json\/wp\/v2\/users\/2"}],"replies":[{"embeddable":true,"href":"https:\/\/sucurriculum.com\/noticias\/wp-json\/wp\/v2\/comments?post=2413"}],"version-history":[{"count":1,"href":"https:\/\/sucurriculum.com\/noticias\/wp-json\/wp\/v2\/posts\/2413\/revisions"}],"predecessor-version":[{"id":2415,"href":"https:\/\/sucurriculum.com\/noticias\/wp-json\/wp\/v2\/posts\/2413\/revisions\/2415"}],"wp:featuredmedia":[{"embeddable":true,"href":"https:\/\/sucurriculum.com\/noticias\/wp-json\/wp\/v2\/media\/2414"}],"wp:attachment":[{"href":"https:\/\/sucurriculum.com\/noticias\/wp-json\/wp\/v2\/media?parent=2413"}],"wp:term":[{"taxonomy":"category","embeddable":true,"href":"https:\/\/sucurriculum.com\/noticias\/wp-json\/wp\/v2\/categories?post=2413"},{"taxonomy":"post_tag","embeddable":true,"href":"https:\/\/sucurriculum.com\/noticias\/wp-json\/wp\/v2\/tags?post=2413"}],"curies":[{"name":"wp","href":"https:\/\/api.w.org\/{rel}","templated":true}]}}