{"id":2409,"date":"2020-08-10T09:30:36","date_gmt":"2020-08-10T07:30:36","guid":{"rendered":"https:\/\/sucurriculum.com\/noticias\/?p=2409"},"modified":"2020-08-10T09:30:36","modified_gmt":"2020-08-10T07:30:36","slug":"colapso-en-las-oficinas-del-inss-por-el-ingreso-minimo-vital","status":"publish","type":"post","link":"https:\/\/sucurriculum.com\/noticias\/colapso-en-las-oficinas-del-inss-por-el-ingreso-minimo-vital\/","title":{"rendered":"Colapso en las oficinas del INSS por el Ingreso M\u00ednimo Vital"},"content":{"rendered":"\n<p>M\u00e1s de un centenar de delegados sindicales se concentraron a finales de julio ante la Direcci\u00f3n General de la Funci\u00f3n P\u00fablica, en Madrid, para pedir el \u00absalvamento\u00bb de los derechos del personal p\u00fablico de la Administraci\u00f3n General del Estado (AGE). Entre sus peticiones y denuncias se encuentra que no se pueden tramitar los expedientes de regulaci\u00f3n temporal de empleo (ERTE) o el Ingreso M\u00ednimo Vital (IMV). De hecho, en relaci\u00f3n a esto \u00faltimo, los representantes de los trabajadores del Instituto Nacional de la Seguridad Social (INSS) de Ciudad Real advierten de que las oficinas de la provincia se encuentran \u00abal borde del colapso\u00bb ante la \u00abavalancha\u00bb de solicitudes para tramitar el IMV.<\/p>\n\n\n\n<p>En declaraciones a este digital, el responsable de la gestora temporal del sector de la Administraci\u00f3n General del Estado de la Central Sindical Independiente y de Funcionarios (CSIF) en Ciudad Real, Jos\u00e9 Canales, se\u00f1ala que estas tareas \u00abse est\u00e1n intentando afrontar, b\u00e1sicamente, con una sobrecarga de trabajo incre\u00edble y gracias a la gran profesionalidad de sus funcionarios\u00bb y a\u00f1ade que las relaciones de puestos de trabajo (RPT) de la Seguridad Social \u00abdesde hace 28 a\u00f1os no han recibido personal y se han perdido en los \u00faltimos diez a\u00f1os un 20 por ciento de plantilla, y la media de edad actual ronda los 56 a\u00f1os, y casi el 70 por ciento de los empleados tiene m\u00e1s de 55 a\u00f1os, con lo que en una d\u00e9cada se jubilar\u00eda una gran parte de la plantilla\u00bb.<\/p>\n\n\n\n<p>El responsable de la gestora temporal del sector de la AGE de la CSIF en Ciudad Real pone de manifiesto que \u00abel Ingreso M\u00ednimo Vital, que es absolutamente necesario para muchas familias, lo ha desbordado todo, al igual que los ERTE\u00bb e indica que en esta provincia se jubila cada a\u00f1o en torno al 12 por ciento de la plantilla de la Seguridad Social, \u00abmuchos de ellos saliendo con 63 a\u00f1os, perdiendo incluso dinero, debido a la gran carga de trabajo y el estr\u00e9s que ello conlleva\u00bb. A pesar de ello, \u00abse est\u00e1 afrontando con una gran respuesta y profesionalidad por los funcionarios del INSS\u00bb. Asimismo, Canales apunta que inicialmente la tramitaci\u00f3n del IMV se afront\u00f3 por parte de la Administraci\u00f3n con un plan voluntario de horas extra, \u00abque ha ayudado algo\u00bb, si bien \u00aba pesar de todo, la Seguridad Social est\u00e1 desbordada en todos los sentidos. En esta provincia no colapsada, como s\u00ed ocurre en otras, pero est\u00e1 casi al l\u00edmite\u00bb.<\/p>\n\n\n\n<p>Por otro lado, el responsable de la gestora temporal del sector de la AGE de la CSIF en la provincia denuncia que ha habido una \u00abpresi\u00f3n a\u00f1adida\u00bb a los trabajadores de la Seguridad Social en torno al Ingreso M\u00ednimo Vital \u00abal hablarse tanto\u00bb de esta medida, que ha provocado \u00abun aluvi\u00f3n inmenso de solicitudes, tanto con simulaciones por la p\u00e1gina web como luego con solicitudes y dem\u00e1s\u00bb. \u00abAqu\u00ed se han empezado a tramitar los expedientes que nos han llegado por otras v\u00edas (ayuntamientos, Diputaci\u00f3n Provincial de Ciudad Real, etc\u00e9tera), pero los que llegan directamente por v\u00eda telem\u00e1tica van m\u00e1s lento. Hay un aut\u00e9ntico embudo que se est\u00e1 intentando resolver con la mejor voluntad y con una sobrecarga de trabajo tremenda\u00bb, sostiene Canales y a\u00f1ade que \u00abmucha gente, adem\u00e1s, ha presentado solicitud a pesar de que en el simulador sal\u00eda que no pod\u00edan ser beneficiarios\u00bb. Adem\u00e1s, destaca que \u00abest\u00e1 sorprendiendo el alt\u00edsimo grado de denegaciones, tanto por falta de documentos (lo que implica un denegaci\u00f3n inicial) como por no poder ser beneficiarios\u00bb.<\/p>\n\n\n\n<p>Por \u00faltimo, desde la CSIF avisan de que \u00abse avecinan unos meses de verano muy terror\u00edficos, con un alto nivel de desbordamiento y de estr\u00e9s\u00bb debido tanto a las vacaciones de los funcionarios, que est\u00e1n obligados a coger la mitad entre el 15 de junio y el 15 de septiembre, como por la merma estructural en las plantillas, que hace que muchas oficinas se encuentren con la mitad de sus trabajadores. Y a esto se le a\u00f1ade que el INSS ha modificado, con motivo de la pandemia, que solo se puede solicitar cita previa para cuatro supuestos, uno de ellos el IMV, \u00abpero se dan con una media de tres semanas\u00bb, seg\u00fan Canales.<\/p>\n","protected":false},"excerpt":{"rendered":"<p>M\u00e1s de un centenar de delegados sindicales se concentraron a finales de julio ante la Direcci\u00f3n General de la Funci\u00f3n P\u00fablica, en Madrid, para pedir el \u00absalvamento\u00bb de los derechos del personal p\u00fablico de la Administraci\u00f3n General del Estado (AGE).<\/p>\n","protected":false},"author":2,"featured_media":2410,"comment_status":"open","ping_status":"open","sticky":false,"template":"","format":"standard","meta":{"footnotes":""},"categories":[66],"tags":[1505,246,1504,245,278,247],"class_list":["post-2409","post","type-post","status-publish","format-standard","has-post-thumbnail","hentry","category-noticias-actualidad","tag-colapsadas","tag-ingreso","tag-inss","tag-minimo","tag-oficinas","tag-vital"],"amp_enabled":true,"_links":{"self":[{"href":"https:\/\/sucurriculum.com\/noticias\/wp-json\/wp\/v2\/posts\/2409","targetHints":{"allow":["GET"]}}],"collection":[{"href":"https:\/\/sucurriculum.com\/noticias\/wp-json\/wp\/v2\/posts"}],"about":[{"href":"https:\/\/sucurriculum.com\/noticias\/wp-json\/wp\/v2\/types\/post"}],"author":[{"embeddable":true,"href":"https:\/\/sucurriculum.com\/noticias\/wp-json\/wp\/v2\/users\/2"}],"replies":[{"embeddable":true,"href":"https:\/\/sucurriculum.com\/noticias\/wp-json\/wp\/v2\/comments?post=2409"}],"version-history":[{"count":1,"href":"https:\/\/sucurriculum.com\/noticias\/wp-json\/wp\/v2\/posts\/2409\/revisions"}],"predecessor-version":[{"id":2411,"href":"https:\/\/sucurriculum.com\/noticias\/wp-json\/wp\/v2\/posts\/2409\/revisions\/2411"}],"wp:featuredmedia":[{"embeddable":true,"href":"https:\/\/sucurriculum.com\/noticias\/wp-json\/wp\/v2\/media\/2410"}],"wp:attachment":[{"href":"https:\/\/sucurriculum.com\/noticias\/wp-json\/wp\/v2\/media?parent=2409"}],"wp:term":[{"taxonomy":"category","embeddable":true,"href":"https:\/\/sucurriculum.com\/noticias\/wp-json\/wp\/v2\/categories?post=2409"},{"taxonomy":"post_tag","embeddable":true,"href":"https:\/\/sucurriculum.com\/noticias\/wp-json\/wp\/v2\/tags?post=2409"}],"curies":[{"name":"wp","href":"https:\/\/api.w.org\/{rel}","templated":true}]}}