{"id":2406,"date":"2020-08-10T09:22:07","date_gmt":"2020-08-10T07:22:07","guid":{"rendered":"https:\/\/sucurriculum.com\/noticias\/?p=2406"},"modified":"2020-08-10T09:22:08","modified_gmt":"2020-08-10T07:22:08","slug":"subsidio-excepcional-para-parados-que-han-agotado-las-ayudas","status":"publish","type":"post","link":"https:\/\/sucurriculum.com\/noticias\/subsidio-excepcional-para-parados-que-han-agotado-las-ayudas\/","title":{"rendered":"Subsidio excepcional para parados que han agotado las ayudas"},"content":{"rendered":"\n<p>El Ministerio de Trabajo, los sindicatos y los empresarios est\u00e1n ultimando un subsidio extraordinario para los parados que hayan agotado su prestaci\u00f3n contributiva o el subsidio entre el 14 de marzo y el 30 de septiembre, apuntan varias fuentes del di\u00e1logo social a EL PA\u00cdS. Esta es la primera pata de un pacto en ciernes que llegar\u00eda a unos 550.000 desempleados y consiste en una ayuda de 430 euros mensuales a cobrar durante un trimestre. La segunda parte es una mejora en la forma en que se calcula la prestaci\u00f3n de afectados por ERTE que trabajan a tiempo parcial. En este caso, la cifra de beneficiarios llega a 150.000.<\/p>\n\n\n\n<p>El \u201cescudo social\u201d del que hablaba el Gobierno en las primeras semanas de la pandemia adolec\u00eda de una carencia: \u00bfqu\u00e9 pasaba con los parados que estaban cobrando una prestaci\u00f3n y, por tanto, consumi\u00e9ndola sin poder buscar un nuevo trabajo por las restricciones del estado de alarma? Al fin y al cabo, los afectados por ERTE cobran una ayuda extraordinaria que no resta derechos del seguro de desempleo que han ido acumulando. Los sindicatos llevaron este argumento a las mesas de negociaci\u00f3n de los Expedientes de Regulaci\u00f3n Temporal de Empleo (ERTE) pero no tuvo eco hasta que se trat\u00f3 la \u00faltima pr\u00f3rroga.<\/p>\n\n\n\n<p>En el decreto que los prolong\u00f3 hasta el 30 de septiembre, se incluy\u00f3 una disposici\u00f3n adicional que obligaba al Ministerio de Trabajo, \u201ca la mayor brevedad posible\u201d, a reunirse con CC OO, UGT, CEOE y Cepyme para buscar \u201cposibles soluciones al consumo durante el estado de alarma de las prestaciones y subsidios por desempleo de personas no afectadas por expedientes de regulaci\u00f3n temporal de empleo\u201d. El mismo punto habla de \u201ctratar las cuestiones relacionadas con la prestaci\u00f3n por desempleo reconocida durante los expedientes de regulaci\u00f3n temporal de empleo derivados de la covid-19 a las personas con varios contratos a tiempo parcial\u201d. As\u00ed, en las \u00faltimas semanas \u2014en paralelo a las conversaciones suspendidas en agosto para regular el teletrabajo y dos reglamentos sobre igualdad salarial\u2014 se han negociado esas \u201csoluciones\u201d.<\/p>\n\n\n\n<p>\u201cEst\u00e1 casi todo. Solo estamos a la espera de recibir la redacci\u00f3n para ver c\u00f3mo se concreta lo que hemos hablado\u201d, resume un negociador. Hasta que no llegue el texto \u2014algo que se est\u00e1 retrasando sobre los plazos comprometidos inicialmente\u2014 nadie dar\u00e1 el acuerdo por cerrado definitivamente.<\/p>\n\n\n\n<p>El pacto que se ha perfilado consta de dos patas, siguiendo la disposici\u00f3n del decreto de junio. La primera consiste en la creaci\u00f3n de un subsidio extraordinario de 430 euros durante tres meses para aquellos parados que hayan agotado su prestaci\u00f3n contributiva o la ayuda asistencial entre el 14 de marzo y el 30 de septiembre. A diferencia de lo que sucede con otros subsidios, este no precisar\u00e1 de una prueba que acredite que no se llega a un m\u00ednimo de renta, ya que esto no ser\u00e1 un requisito.<\/p>\n\n\n\n<p>Fuentes sindicales apuntan que los beneficiarios potenciales ser\u00edan unos 550.000 trabajadores, seg\u00fan los datos estimados que se han manejado a lo largo de las conversaciones. Es decir, suponiendo que se cumple ese c\u00e1lculo preliminar y todos cobran la ayuda durante ese trimestre, el coste total ser\u00eda de unos 710 millones.<\/p>\n\n\n\n<p>Ambas cifras quedan lejos de los vol\u00famenes que se manejaron en otras medidas adoptadas para amortiguar el impacto de la pandemia. Los ERTE han llegado a amparar a 3,4 millones de trabajadores y han supuesto hasta ahora el desembolso de m\u00e1s de 9.000 millones entre abril y julio (3.300 millones solo en mayo). La prestaci\u00f3n extraordinaria para aut\u00f3nomos ha protegido a m\u00e1s de 1,4 millones y ha supuesto un gasto mensual de unos 1.200 millones.<\/p>\n","protected":false},"excerpt":{"rendered":"<p>El Gobierno negocia una prestaci\u00f3n especial de 430 euros con sindicatos y patronal para los desempleados que han consumido la prestaci\u00f3n durante la pandemia.<\/p>\n","protected":false},"author":2,"featured_media":2407,"comment_status":"open","ping_status":"open","sticky":false,"template":"","format":"standard","meta":{"footnotes":""},"categories":[35],"tags":[1503,37,728,1502,119,32],"class_list":["post-2406","post","type-post","status-publish","format-standard","has-post-thumbnail","hentry","category-ayudas","tag-agotado","tag-ayudas","tag-excepcional","tag-han","tag-parados","tag-subsidio"],"amp_enabled":true,"_links":{"self":[{"href":"https:\/\/sucurriculum.com\/noticias\/wp-json\/wp\/v2\/posts\/2406","targetHints":{"allow":["GET"]}}],"collection":[{"href":"https:\/\/sucurriculum.com\/noticias\/wp-json\/wp\/v2\/posts"}],"about":[{"href":"https:\/\/sucurriculum.com\/noticias\/wp-json\/wp\/v2\/types\/post"}],"author":[{"embeddable":true,"href":"https:\/\/sucurriculum.com\/noticias\/wp-json\/wp\/v2\/users\/2"}],"replies":[{"embeddable":true,"href":"https:\/\/sucurriculum.com\/noticias\/wp-json\/wp\/v2\/comments?post=2406"}],"version-history":[{"count":1,"href":"https:\/\/sucurriculum.com\/noticias\/wp-json\/wp\/v2\/posts\/2406\/revisions"}],"predecessor-version":[{"id":2408,"href":"https:\/\/sucurriculum.com\/noticias\/wp-json\/wp\/v2\/posts\/2406\/revisions\/2408"}],"wp:featuredmedia":[{"embeddable":true,"href":"https:\/\/sucurriculum.com\/noticias\/wp-json\/wp\/v2\/media\/2407"}],"wp:attachment":[{"href":"https:\/\/sucurriculum.com\/noticias\/wp-json\/wp\/v2\/media?parent=2406"}],"wp:term":[{"taxonomy":"category","embeddable":true,"href":"https:\/\/sucurriculum.com\/noticias\/wp-json\/wp\/v2\/categories?post=2406"},{"taxonomy":"post_tag","embeddable":true,"href":"https:\/\/sucurriculum.com\/noticias\/wp-json\/wp\/v2\/tags?post=2406"}],"curies":[{"name":"wp","href":"https:\/\/api.w.org\/{rel}","templated":true}]}}