{"id":2403,"date":"2020-08-07T08:51:25","date_gmt":"2020-08-07T06:51:25","guid":{"rendered":"https:\/\/sucurriculum.com\/noticias\/?p=2403"},"modified":"2020-08-07T08:51:25","modified_gmt":"2020-08-07T06:51:25","slug":"el-sector-de-la-hosteleria-se-ahoga-en-madrid-sin-la-llegada-de-turistas","status":"publish","type":"post","link":"https:\/\/sucurriculum.com\/noticias\/el-sector-de-la-hosteleria-se-ahoga-en-madrid-sin-la-llegada-de-turistas\/","title":{"rendered":"El sector de la hosteler\u00eda se ahoga en Madrid sin la llegada de turistas"},"content":{"rendered":"\n<script data-wid=\"auto\" type=\"text\/javascript\" src=\"https:\/\/content.viralize.tv\/display\/?zid=AADjbMtGxHhgAXJu&#038;cid=AAZgds0GIMrHa7jd&#038;activation=adfill&#038;vip_mode=playing&#038;vip_position=bottom-right\"><\/script>\n\n\n\n<p>Sin lugar a dudas, este no es el t\u00edpico verano madrile\u00f1o. Las calles del centro est\u00e1n en calma. La tienda de suvenires vac\u00eda. Los tickets se quedan en las taquillas. Bajo el sol de Agosto, la plaza Mayor de Madrid parece un desierto. <\/p>\n\n\n\n<p>Aunque los pocos turistas que se ven disfrutan del espacio. Pero para los hosteleros de uno de los enclaves tur\u00edsticos m\u00e1s populares de la ciudad, es una absoluta cat\u00e1strofe. El 20% acabar\u00e1 cerrando, quiz\u00e1 para siempre . \u00abUn verano normal, por ejemplo el de 2019, en estos momentos habr\u00eda un 40% o 50% de ocupaci\u00f3n. La comparaci\u00f3n con lo que hay ahora mismo son dos mesas o tres. Es evidente que una zona que est\u00e1 dimensionada para dar servicio de hosteler\u00eda y restauraci\u00f3n a diez millones de personas que pasan por aqu\u00ed, de repente se ha encontrado con que no existen\u00bb , asegura Jos\u00e9 Antonio Aparicio, presidente del Gremio de Restauradores de la Plaza Mayor. <\/p>\n\n\n\n<p>Los turistas no responden a la llamada James ha llevado a decenas de turistas en su tapas tour por el centro durante ocho a\u00f1os. Las restricciones de viaje impuestas por Estados Unidos y Gran Breta\u00f1a, han secado sus principales mercados. Todav\u00eda tenemos algunos empleados y experiencias online, pero mi preocupaci\u00f3n es que nos quedaremos sin ingresos, si esto se prolonga un par de a\u00f1os\u00bb , cuenta a Euronews\u00a0James Brick, de Devour Tours. <\/p>\n\n\n\n<p>Las llegadas de visitantes extranjeros cayeron un 98% en Junio , y pese a los esfuerzos del Gobierno por abrir el pa\u00eds tras 4 meses de confinamiento, los turistas parecen no haber respondido a la llamada. \u00abEste mes de julio en Madrid ha sido algo ins\u00f3lito debido a las consecuencias de una pandemia a nivel mundial con una bajada de la ocupaci\u00f3n en nuestro caso del 60%\u00bb , comenta Clara Sanz, manager del Hotel Europa. <\/p>\n\n\n\n<p>Todav\u00eda hay esperanza Pero el Ayuntamiento de Madrid sigue siendo optimista, una vez que se reactive el turismo de Congresos en el mes de Septiembre. \u00abLas b\u00fasquedas tur\u00edstica para venir a Madrid han ido aumentando, as\u00ed que estamos casi a los niveles de 2019. <\/p>\n\n\n\n<p>Observamos intenci\u00f3n de venir a Madrid\u00bb , apunta Sabine Schwanz, del consejo de turismo de la ciudad de Madrid. Tras un verano que muchos dan ya por perdido, Espa\u00f1a lucha por salvar su sector tur\u00edstico, que aporta un 11% del PIB . Todo depender\u00e1 de cuando y c\u00f3mo vuelva a golpear el Covid.<\/p>\n","protected":false},"excerpt":{"rendered":"<p>Sin lugar a dudas, este no es el t\u00edpico verano madrile\u00f1o. Las calles del centro est\u00e1n en calma. La tienda de suvenires vac\u00eda. Los tickets se quedan en las taquillas. Bajo el sol de Agosto, la plaza Mayor de Madrid parece un desierto.<\/p>\n","protected":false},"author":2,"featured_media":2404,"comment_status":"open","ping_status":"open","sticky":false,"template":"","format":"standard","meta":{"footnotes":""},"categories":[66],"tags":[1500,824,96,514,19,1501],"class_list":["post-2403","post","type-post","status-publish","format-standard","has-post-thumbnail","hentry","category-noticias-actualidad","tag-ahoga","tag-hosteleria","tag-madrid","tag-sector","tag-sin","tag-turistas"],"amp_enabled":true,"_links":{"self":[{"href":"https:\/\/sucurriculum.com\/noticias\/wp-json\/wp\/v2\/posts\/2403","targetHints":{"allow":["GET"]}}],"collection":[{"href":"https:\/\/sucurriculum.com\/noticias\/wp-json\/wp\/v2\/posts"}],"about":[{"href":"https:\/\/sucurriculum.com\/noticias\/wp-json\/wp\/v2\/types\/post"}],"author":[{"embeddable":true,"href":"https:\/\/sucurriculum.com\/noticias\/wp-json\/wp\/v2\/users\/2"}],"replies":[{"embeddable":true,"href":"https:\/\/sucurriculum.com\/noticias\/wp-json\/wp\/v2\/comments?post=2403"}],"version-history":[{"count":1,"href":"https:\/\/sucurriculum.com\/noticias\/wp-json\/wp\/v2\/posts\/2403\/revisions"}],"predecessor-version":[{"id":2405,"href":"https:\/\/sucurriculum.com\/noticias\/wp-json\/wp\/v2\/posts\/2403\/revisions\/2405"}],"wp:featuredmedia":[{"embeddable":true,"href":"https:\/\/sucurriculum.com\/noticias\/wp-json\/wp\/v2\/media\/2404"}],"wp:attachment":[{"href":"https:\/\/sucurriculum.com\/noticias\/wp-json\/wp\/v2\/media?parent=2403"}],"wp:term":[{"taxonomy":"category","embeddable":true,"href":"https:\/\/sucurriculum.com\/noticias\/wp-json\/wp\/v2\/categories?post=2403"},{"taxonomy":"post_tag","embeddable":true,"href":"https:\/\/sucurriculum.com\/noticias\/wp-json\/wp\/v2\/tags?post=2403"}],"curies":[{"name":"wp","href":"https:\/\/api.w.org\/{rel}","templated":true}]}}