{"id":2391,"date":"2020-08-06T08:56:27","date_gmt":"2020-08-06T06:56:27","guid":{"rendered":"https:\/\/sucurriculum.com\/noticias\/?p=2391"},"modified":"2020-08-06T08:56:27","modified_gmt":"2020-08-06T06:56:27","slug":"sanchez-decide-finalmente-aparcar-la-subida-de-impuestos","status":"publish","type":"post","link":"https:\/\/sucurriculum.com\/noticias\/sanchez-decide-finalmente-aparcar-la-subida-de-impuestos\/","title":{"rendered":"S\u00e1nchez decide finalmente aparcar la subida de impuestos"},"content":{"rendered":"\n<p>El presidente del Gobierno, Pedro S\u00e1nchez, ha afirmado este martes que la reforma fiscal que contempla la subida de algunos impuestos prevista por el Ejecutivo de coalici\u00f3n se acometer\u00e1 una vez que se consolide la recuperaci\u00f3n y se recuperen los niveles de PIB previos a la pandemia del coronavirus, ante la previsi\u00f3n de unas cifras de d\u00e9ficit y deuda p\u00fablica \u00abenormes\u00bb y para reforzar el estado de bienestar y la sanidad.<\/p>\n\n\n\n<p>Durante su comparecencia en La Moncloa para hacer balance de gesti\u00f3n al cierre del curso pol\u00edtico, tras la celebraci\u00f3n del Consejo de Ministros y antes de las vacaciones, S\u00e1nchez ha asegurado que se acometer\u00e1 la reforma fiscal prevista cuando se produzca el momento de \u00abconsolidaci\u00f3n\u00bb de la recuperaci\u00f3n econ\u00f3mica y se registren los niveles de crecimiento previos a la crisis.<\/p>\n\n\n\n<h4 class=\"wp-block-heading\">Paro y afiliaci\u00f3n en julio<\/h4>\n\n\n\n<p>Empuj\u00f3n del empleo en julio con 161.217 nuevos afiliados, que no compensan a\u00fan 750.000 empleos borrados por la Covid<br>En ese momento \u00abtendremos ya las garant\u00edas y el contexto para abordar una necesaria reforma estructural\u00bb, ha afirmado S\u00e1nchez.<\/p>\n\n\n\n<p>En este sentido, ha defendido la necesidad de cambios impositivos \u00abcon justicia\u00bb, ya que hay \u00abmuch\u00edsima gente\u00bb que considera que hay personas que pagan menos impuestos incluso siendo m\u00e1s ricas. \u00abNecesitamos tener una recaudaci\u00f3n mucho m\u00e1s sostenible y estable a lo largo del ciclo econ\u00f3mico\u00bb ante la previsi\u00f3n de incurrir en cifras \u00abenormes\u00bb de d\u00e9ficit y deuda p\u00fablica y con el fin de sostener empresas y trabajadores durante la pandemia, ha explicado.<\/p>\n\n\n\n<h4 class=\"wp-block-heading\">Las medidas previstas<\/h4>\n\n\n\n<p>Entre las medidas impositivas recogidas en el acuerdo de coalici\u00f3n se inclu\u00eda un tipo m\u00ednimo del 15% en Sociedades, del 18% para banca y petroleras, un gravamen del 5% de los dividendos a empresas, la creaci\u00f3n de las tasas &#8216;Tobin&#8217; y &#8216;Google&#8217; (ya aprobadas en el Congreso), un aumento del IRPF a las rentas altas; una subida del 1% en Patrimonio a fortunas de m\u00e1s de 10 millones, la equiparaci\u00f3n del di\u00e9sel con la gasolina o una nueva ley de lucha contra el fraude, entre otros.<\/p>\n\n\n\n<p>A estas medidas se suman la creaci\u00f3n de un nuevo impuesto sobre los envases de pl\u00e1stico no reutilizables y, seg\u00fan ha avanzado S\u00e1nchez en su comparecencia, una revisi\u00f3n de la fiscalidad de la alimentaci\u00f3n en los pr\u00f3ximos meses.<\/p>\n\n\n\n<p>El l\u00edder del Ejecutivo ha asegurado que la recuperaci\u00f3n tomar\u00e1 un ritmo mayor en 2021 y se acelerar\u00e1 en 2022, gracias al acuerdo \u00abhist\u00f3rico\u00bb logrado en Europa sobre el fondo de 750.000 millones, para rebasar incluso en 2023 la situaci\u00f3n econ\u00f3mica previa a la crisis.<\/p>\n","protected":false},"excerpt":{"rendered":"<p>El presidente del Gobierno, Pedro S\u00e1nchez, ha afirmado este martes que la reforma fiscal que contempla la subida de algunos impuestos prevista por el Ejecutivo de coalici\u00f3n se acometer\u00e1 una vez que se consolide la recuperaci\u00f3n.<\/p>\n","protected":false},"author":2,"featured_media":2396,"comment_status":"open","ping_status":"open","sticky":false,"template":"","format":"standard","meta":{"footnotes":""},"categories":[66],"tags":[1498,1497,324,107,1499],"class_list":["post-2391","post","type-post","status-publish","format-standard","has-post-thumbnail","hentry","category-noticias-actualidad","tag-aparcar","tag-decide","tag-impuestos","tag-sanchez","tag-subida"],"amp_enabled":true,"_links":{"self":[{"href":"https:\/\/sucurriculum.com\/noticias\/wp-json\/wp\/v2\/posts\/2391","targetHints":{"allow":["GET"]}}],"collection":[{"href":"https:\/\/sucurriculum.com\/noticias\/wp-json\/wp\/v2\/posts"}],"about":[{"href":"https:\/\/sucurriculum.com\/noticias\/wp-json\/wp\/v2\/types\/post"}],"author":[{"embeddable":true,"href":"https:\/\/sucurriculum.com\/noticias\/wp-json\/wp\/v2\/users\/2"}],"replies":[{"embeddable":true,"href":"https:\/\/sucurriculum.com\/noticias\/wp-json\/wp\/v2\/comments?post=2391"}],"version-history":[{"count":2,"href":"https:\/\/sucurriculum.com\/noticias\/wp-json\/wp\/v2\/posts\/2391\/revisions"}],"predecessor-version":[{"id":2397,"href":"https:\/\/sucurriculum.com\/noticias\/wp-json\/wp\/v2\/posts\/2391\/revisions\/2397"}],"wp:featuredmedia":[{"embeddable":true,"href":"https:\/\/sucurriculum.com\/noticias\/wp-json\/wp\/v2\/media\/2396"}],"wp:attachment":[{"href":"https:\/\/sucurriculum.com\/noticias\/wp-json\/wp\/v2\/media?parent=2391"}],"wp:term":[{"taxonomy":"category","embeddable":true,"href":"https:\/\/sucurriculum.com\/noticias\/wp-json\/wp\/v2\/categories?post=2391"},{"taxonomy":"post_tag","embeddable":true,"href":"https:\/\/sucurriculum.com\/noticias\/wp-json\/wp\/v2\/tags?post=2391"}],"curies":[{"name":"wp","href":"https:\/\/api.w.org\/{rel}","templated":true}]}}