{"id":2389,"date":"2020-08-06T08:50:06","date_gmt":"2020-08-06T06:50:06","guid":{"rendered":"https:\/\/sucurriculum.com\/noticias\/?p=2389"},"modified":"2020-08-06T08:50:06","modified_gmt":"2020-08-06T06:50:06","slug":"getafe-creara-500-empleos-con-el-nuevo-parque-logistico","status":"publish","type":"post","link":"https:\/\/sucurriculum.com\/noticias\/getafe-creara-500-empleos-con-el-nuevo-parque-logistico\/","title":{"rendered":"Getafe crear\u00e1 500 empleos con el nuevo parque log\u00edstico"},"content":{"rendered":"\n<p>La Junta de Gobierno Local del Ayuntamiento de Getafe ha aprobado el Plan Especial \u2018Getafe Terminal\u2019, que permitir\u00e1 el desarrollo de un parque log\u00edstico industrial de m\u00e1s de 90.000 metros cuadrados y que crear\u00e1 500 empleos de la mano de la empresa log\u00edstica Goodman.<\/p>\n\n\n\n<p>La compa\u00f1\u00eda, dedicada al desarrollo y la gesti\u00f3n de espacios log\u00edsticos en Europa, Asia o Norteam\u00e9rica, llevar\u00e1 a cabo la inversi\u00f3n completa del parque, as\u00ed como la remodelaci\u00f3n del sector, ha informado en una nota el Ayuntamiento de Getafe.<\/p>\n\n\n\n<p>La aprobaci\u00f3n de este plan especial servir\u00e1 tambi\u00e9n para mejorar la movilidad peatonal, ciclista y vial en el entorno de la estaci\u00f3n de Getafe Industrial y en el Pol\u00edgono de los \u00c1ngeles, para lo que se construir\u00e1 una pasarela peatonal y ciclista entre ambos espacios.<\/p>\n\n\n\n<p>Y es que, seg\u00fan el Ayuntamiento de Getafe, las v\u00edas del tren han supuesto siempre \u201cun obst\u00e1culo hist\u00f3rico\u201d para el acceso peatonal desde el paseo de John Lennon y la avenida de Los \u00c1ngeles hasta el Cerro de los \u00c1ngeles.<\/p>\n\n\n\n<p>El proyecto incluye tambi\u00e9n la construcci\u00f3n de una senda y el ajardinamiento de la zona situada entre la pasarela y la calle Carpinteros, junto al propio paseo de John Lennon.<\/p>\n\n\n\n<p>\u201cEs una gran noticia para la ciudad, se trata de la inversi\u00f3n m\u00e1s importante que se hace en todo el entorno en las \u00faltimas d\u00e9cadas\u201d, ha asegurado este mi\u00e9rcoles el concejal de Urbanismo del Ayuntamiento de Getafe, Jorge Rodr\u00edguez.<\/p>\n\n\n\n<p>Ya en el Pol\u00edgono de los \u00c1ngeles, el plan especial incluye la construcci\u00f3n de un aparcamiento disuasorio para dar servicio a la estaci\u00f3n de Getafe Industrial, que ser\u00e1 remodelada de forma integral conforme al proyecto aprobado por el Ministerio de Transportes, Movilidad y Agenda Urbana.<\/p>\n\n\n\n<p>La urbanizaci\u00f3n de la calle Carpinteros, con el soterramiento del tendido el\u00e9ctrico, mejorar\u00e1 a su vez la movilidad de los veh\u00edculos pesados que circulan por la zona y la de los vecinos de Los Molinos que acceden al barrio por esa v\u00eda, seg\u00fan el consistorio.<\/p>\n","protected":false},"excerpt":{"rendered":"<p>La Junta de Gobierno Local del Ayuntamiento de Getafe ha aprobado el Plan Especial \u2018Getafe Terminal\u2019, que permitir\u00e1 el desarrollo de un parque log\u00edstico industrial de m\u00e1s de 90.000 metros cuadrados y que crear\u00e1 500 empleos.<\/p>\n","protected":false},"author":2,"featured_media":2394,"comment_status":"open","ping_status":"open","sticky":false,"template":"","format":"standard","meta":{"footnotes":""},"categories":[2],"tags":[207,95,558,213,679,1496],"class_list":["post-2389","post","type-post","status-publish","format-standard","has-post-thumbnail","hentry","category-noticias","tag-207","tag-empleos","tag-getafe","tag-logistico","tag-nuevo","tag-parque"],"amp_enabled":true,"_links":{"self":[{"href":"https:\/\/sucurriculum.com\/noticias\/wp-json\/wp\/v2\/posts\/2389","targetHints":{"allow":["GET"]}}],"collection":[{"href":"https:\/\/sucurriculum.com\/noticias\/wp-json\/wp\/v2\/posts"}],"about":[{"href":"https:\/\/sucurriculum.com\/noticias\/wp-json\/wp\/v2\/types\/post"}],"author":[{"embeddable":true,"href":"https:\/\/sucurriculum.com\/noticias\/wp-json\/wp\/v2\/users\/2"}],"replies":[{"embeddable":true,"href":"https:\/\/sucurriculum.com\/noticias\/wp-json\/wp\/v2\/comments?post=2389"}],"version-history":[{"count":2,"href":"https:\/\/sucurriculum.com\/noticias\/wp-json\/wp\/v2\/posts\/2389\/revisions"}],"predecessor-version":[{"id":2395,"href":"https:\/\/sucurriculum.com\/noticias\/wp-json\/wp\/v2\/posts\/2389\/revisions\/2395"}],"wp:featuredmedia":[{"embeddable":true,"href":"https:\/\/sucurriculum.com\/noticias\/wp-json\/wp\/v2\/media\/2394"}],"wp:attachment":[{"href":"https:\/\/sucurriculum.com\/noticias\/wp-json\/wp\/v2\/media?parent=2389"}],"wp:term":[{"taxonomy":"category","embeddable":true,"href":"https:\/\/sucurriculum.com\/noticias\/wp-json\/wp\/v2\/categories?post=2389"},{"taxonomy":"post_tag","embeddable":true,"href":"https:\/\/sucurriculum.com\/noticias\/wp-json\/wp\/v2\/tags?post=2389"}],"curies":[{"name":"wp","href":"https:\/\/api.w.org\/{rel}","templated":true}]}}