{"id":2386,"date":"2020-08-05T09:45:12","date_gmt":"2020-08-05T07:45:12","guid":{"rendered":"https:\/\/sucurriculum.com\/noticias\/?p=2386"},"modified":"2020-08-05T09:45:12","modified_gmt":"2020-08-05T07:45:12","slug":"capital-energy-invertira-mas-de-1-000-millones-en-renovables-en-asturias","status":"publish","type":"post","link":"https:\/\/sucurriculum.com\/noticias\/capital-energy-invertira-mas-de-1-000-millones-en-renovables-en-asturias\/","title":{"rendered":"Capital Energy invertir\u00e1 m\u00e1s de 1.000 millones en  renovables en Asturias"},"content":{"rendered":"\n<p>Capital Energy prev\u00e9 invertir m\u00e1s de 1.000 millones de euros en el desarrollo de energ\u00eda renovable en Asturias, con el desarrollo de 1.200 megavatios (MW) en la regi\u00f3n, inform\u00f3 la compa\u00f1\u00eda de energ\u00edas verdes.<\/p>\n\n\n\n<p>En concreto, Capital Energy ha comenzado ya a construir el primero de sus parques e\u00f3licos, de 50 MW, en los t\u00e9rminos municipales de Tineo, Villay\u00f3n y Vald\u00e9s.<\/p>\n\n\n\n<p>El grupo tambi\u00e9n indic\u00f3 que su objetivo en la regi\u00f3n es iniciar la construcci\u00f3n y operaci\u00f3n de toda su cartera de activos renovables en el Principado de Asturias a lo largo del periodo 2020-2024, incorporando adem\u00e1s nuevos activos de almacenamiento energ\u00e9tico y producci\u00f3n de hidr\u00f3geno verde.<\/p>\n\n\n\n<p>Adem\u00e1s, a trav\u00e9s de su comercializadora, Capital Energy llevar\u00e1 la energ\u00eda 100% renovable de sus parques directamente hasta los consumidores asturianos que as\u00ed lo deseen, haci\u00e9ndoles participes directos de la generaci\u00f3n de empleo y riqueza en su propia regi\u00f3n.<\/p>\n\n\n\n<h4 class=\"wp-block-heading\">M\u00e1s de 6.600 empleos<\/h4>\n\n\n\n<p>La construcci\u00f3n y operaci\u00f3n de la cartera en desarrollo de la compa\u00f1\u00eda en Asturias prev\u00e9 generar 6.667 empleos anuales en la fase de construcci\u00f3n y cerca de 230 empleos en la fase de generaci\u00f3n, as\u00ed como unos potenciales ingresos en las arcas del Principado y sus municipios de m\u00e1s de 40 millones de euros durante la fase de construcci\u00f3n, y m\u00e1s de 6 millones de euros anuales durante su operaci\u00f3n.<\/p>\n\n\n\n<p>La operaci\u00f3n de estos proyectos evitar\u00e1 adem\u00e1s 1,3 millones de toneladas de CO2 y permitir\u00eda suministrar un 35% del consumo el\u00e9ctrico actual de Asturias.<\/p>\n\n\n\n<p>Adem\u00e1s, Capital Energy apuesta por complementar el desarrollo de las renovables con otros vectores de innovaci\u00f3n, tales como el desarrollo de proyectos de almacenamiento energ\u00e9tico e hidr\u00f3geno renovable, participando activamente en iniciativas como la mesa regional del hidr\u00f3geno impulsada por la Consejer\u00eda de Industria, Empleo y Promoci\u00f3n Econ\u00f3mica del Gobierno de Asturias y Faen.<\/p>\n\n\n\n<p>A lo largo de esta segunda mitad del a\u00f1o, el grupo tambi\u00e9n prev\u00e9 lanzar una convocatoria para apoyar a emprendedores y start-ups que contribuyan a acelerar la Transici\u00f3n Ecol\u00f3gica y Justa en el Principado de Asturias.<\/p>\n","protected":false},"excerpt":{"rendered":"<p>Capital Energy prev\u00e9 invertir m\u00e1s de 1.000 millones de euros en el desarrollo de energ\u00eda renovable en Asturias, con el desarrollo de 1.200 megavatios.<\/p>\n","protected":false},"author":2,"featured_media":2387,"comment_status":"open","ping_status":"open","sticky":false,"template":"","format":"standard","meta":{"footnotes":""},"categories":[2],"tags":[94,1449,1235,1446,1495,95,1447,539,1386,40,1492],"class_list":["post-2386","post","type-post","status-publish","format-standard","has-post-thumbnail","hentry","category-noticias","tag-94","tag-1449","tag-asturias","tag-capital","tag-construccion-2","tag-empleos","tag-energy","tag-fase","tag-invertira-2","tag-millones","tag-renovables"],"amp_enabled":true,"_links":{"self":[{"href":"https:\/\/sucurriculum.com\/noticias\/wp-json\/wp\/v2\/posts\/2386","targetHints":{"allow":["GET"]}}],"collection":[{"href":"https:\/\/sucurriculum.com\/noticias\/wp-json\/wp\/v2\/posts"}],"about":[{"href":"https:\/\/sucurriculum.com\/noticias\/wp-json\/wp\/v2\/types\/post"}],"author":[{"embeddable":true,"href":"https:\/\/sucurriculum.com\/noticias\/wp-json\/wp\/v2\/users\/2"}],"replies":[{"embeddable":true,"href":"https:\/\/sucurriculum.com\/noticias\/wp-json\/wp\/v2\/comments?post=2386"}],"version-history":[{"count":1,"href":"https:\/\/sucurriculum.com\/noticias\/wp-json\/wp\/v2\/posts\/2386\/revisions"}],"predecessor-version":[{"id":2388,"href":"https:\/\/sucurriculum.com\/noticias\/wp-json\/wp\/v2\/posts\/2386\/revisions\/2388"}],"wp:featuredmedia":[{"embeddable":true,"href":"https:\/\/sucurriculum.com\/noticias\/wp-json\/wp\/v2\/media\/2387"}],"wp:attachment":[{"href":"https:\/\/sucurriculum.com\/noticias\/wp-json\/wp\/v2\/media?parent=2386"}],"wp:term":[{"taxonomy":"category","embeddable":true,"href":"https:\/\/sucurriculum.com\/noticias\/wp-json\/wp\/v2\/categories?post=2386"},{"taxonomy":"post_tag","embeddable":true,"href":"https:\/\/sucurriculum.com\/noticias\/wp-json\/wp\/v2\/tags?post=2386"}],"curies":[{"name":"wp","href":"https:\/\/api.w.org\/{rel}","templated":true}]}}