{"id":2277,"date":"2020-07-31T09:47:12","date_gmt":"2020-07-31T07:47:12","guid":{"rendered":"https:\/\/sucurriculum.com\/noticias\/?p=2277"},"modified":"2020-07-31T09:47:13","modified_gmt":"2020-07-31T07:47:13","slug":"aumentan-los-casos-de-coronavirus-en-espana","status":"publish","type":"post","link":"https:\/\/sucurriculum.com\/noticias\/aumentan-los-casos-de-coronavirus-en-espana\/","title":{"rendered":"Aumentan los casos de coronavirus en Espa\u00f1a"},"content":{"rendered":"\n<script data-wid=\"auto\" type=\"text\/javascript\" src=\"https:\/\/content.viralize.tv\/display\/?zid=AADjbMtGxHhgAXJu&#038;cid=AAZcBRaEPVz5tLnJ&#038;activation=adfill&#038;vip_mode=playing&#038;vip_position=bottom-right\"><\/script>\n\n\n\n<p>Aumentan los casos de coronavirus en Espa\u00f1a. Son 1.229 contagiados registrados en las \u00faltimas 24 horas. Es la cifra m\u00e1s alta en algo m\u00e1s de tres meses. La cifra de muertos asciende a 10 en los \u00faltimos siete d\u00edas y el total de contagios es de 285.430. <\/p>\n\n\n\n<p>M\u00e1s de la mitad de los casos se han registraron en Arag\u00f3n, Madrid y Catalu\u00f1a. Fernando Sim\u00f3n, director del Centro de Coordinaci\u00f3n de Alertas y Emergencias Sanitarias, explica que el rastreo es particularmente dif\u00edcil entre los j\u00f3venes y los trabajadores hortofrut\u00edcolas. <\/p>\n\n\n\n<p>Seg\u00fan Sanidad, se est\u00e1n detectando muchos m\u00e1s casos aunque de menor riesgo. A pesar del aumento de contagios, Sanidad asegura que no hay presi\u00f3n en el sistema hospitalario, pues el 60 % de los nuevos afectados son asintom\u00e1ticos. <\/p>\n\n\n\n<p>En Espa\u00f1a se han confirmado 412 brotes activos. Los m\u00e1s preocupantes son los relacionados con locales de ocio porque resultan infecciones m\u00e1s dif\u00edciles de rastrear.<\/p>\n","protected":false},"excerpt":{"rendered":"<p>Aumentan los casos de coronavirus en Espa\u00f1a. Son 1.229 contagiados registrados en las \u00faltimas 24 horas.<\/p>\n","protected":false},"author":2,"featured_media":2278,"comment_status":"open","ping_status":"open","sticky":false,"template":"","format":"standard","meta":{"footnotes":""},"categories":[66],"tags":[1455,1456,4,21],"class_list":["post-2277","post","type-post","status-publish","format-standard","has-post-thumbnail","hentry","category-noticias-actualidad","tag-aumentan","tag-casos","tag-coronavirus","tag-espana"],"amp_enabled":true,"_links":{"self":[{"href":"https:\/\/sucurriculum.com\/noticias\/wp-json\/wp\/v2\/posts\/2277","targetHints":{"allow":["GET"]}}],"collection":[{"href":"https:\/\/sucurriculum.com\/noticias\/wp-json\/wp\/v2\/posts"}],"about":[{"href":"https:\/\/sucurriculum.com\/noticias\/wp-json\/wp\/v2\/types\/post"}],"author":[{"embeddable":true,"href":"https:\/\/sucurriculum.com\/noticias\/wp-json\/wp\/v2\/users\/2"}],"replies":[{"embeddable":true,"href":"https:\/\/sucurriculum.com\/noticias\/wp-json\/wp\/v2\/comments?post=2277"}],"version-history":[{"count":1,"href":"https:\/\/sucurriculum.com\/noticias\/wp-json\/wp\/v2\/posts\/2277\/revisions"}],"predecessor-version":[{"id":2279,"href":"https:\/\/sucurriculum.com\/noticias\/wp-json\/wp\/v2\/posts\/2277\/revisions\/2279"}],"wp:featuredmedia":[{"embeddable":true,"href":"https:\/\/sucurriculum.com\/noticias\/wp-json\/wp\/v2\/media\/2278"}],"wp:attachment":[{"href":"https:\/\/sucurriculum.com\/noticias\/wp-json\/wp\/v2\/media?parent=2277"}],"wp:term":[{"taxonomy":"category","embeddable":true,"href":"https:\/\/sucurriculum.com\/noticias\/wp-json\/wp\/v2\/categories?post=2277"},{"taxonomy":"post_tag","embeddable":true,"href":"https:\/\/sucurriculum.com\/noticias\/wp-json\/wp\/v2\/tags?post=2277"}],"curies":[{"name":"wp","href":"https:\/\/api.w.org\/{rel}","templated":true}]}}