{"id":2273,"date":"2020-07-30T10:25:42","date_gmt":"2020-07-30T08:25:42","guid":{"rendered":"https:\/\/sucurriculum.com\/noticias\/?p=2273"},"modified":"2020-07-30T10:25:42","modified_gmt":"2020-07-30T08:25:42","slug":"434-plazas-en-adif","status":"publish","type":"post","link":"https:\/\/sucurriculum.com\/noticias\/434-plazas-en-adif\/","title":{"rendered":"434 plazas en ADIF"},"content":{"rendered":"\n<p>Adif ha lanzado una oferta de empleo p\u00fablico para incorporar a 434 nuevos trabajadores de personal operativo a su plantilla, actualmente compuesta por unos 13.000 empleados, seg\u00fan inform\u00f3 la compa\u00f1\u00eda promotora y titular de la red ferroviaria este 28 de julio. <\/p>\n\n\n\n<p>Del total de nuevos trabajadores que se espera incorporar, 217 ser\u00e1n responsables de circulaci\u00f3n y otros 197 ocupar\u00e1n puestos de montador el\u00e9ctrico de instalaciones de seguridad, de oficial de celador de l\u00ednea electrificada de entrada, de oficial de subestaciones y telemandos y de oficial de telecomunicaciones. Adem\u00e1s, a estas plazas hay que sumar 20 m\u00e1s para cargos de ayudante ferroviario en labores de conservaci\u00f3n y vigilancia de v\u00edas.<\/p>\n\n\n\n<p>As\u00ed, la compa\u00f1\u00eda pone en marcha una nueva oferta de empleo a pesar de la crisis del coronavirus y en el marco del plan de empleo que, al igual que Renfe, tiene pactado con sus sindicatos. En virtud de este plan, la entrada de nuevos trabajadores va ligada a programas de bajas voluntarias con los que se ofrece dejar la empresa a los empleados de m\u00e1s edad y antig\u00fcedad. El objetivo \u00faltimo de estos planes y programas es reducir la edad media de las dos compa\u00f1\u00edas ferroviarias p\u00fablicas, que actualmente se sit\u00faa alrededor de los 54 a\u00f1os, adem\u00e1s de mejorar su productividad, competitividad y cualificaci\u00f3n profesional mediante la incorporaci\u00f3n de nuevos perfiles adecuados a los nuevos servicios.<\/p>\n\n\n\n<p><strong>Los interesados en alguna de las plazas convocadas para este a\u00f1o, que son similares a las realizadas en los dos ejercicios anteriores, pueden solicitar plaza en los puestos ofertados hasta el pr\u00f3ximo 25 de agosto, inscribi\u00e9ndose en la convocatoria a trav\u00e9s de <a href=\"https:\/\/solicitudesoep.adif.es\/sap\/bc\/webdynpro\/sap\/zhrap_conv_insc#\">esta p\u00e1gina web<\/a><\/strong>, donde se deber\u00e1 cumplimentar un formulario electr\u00f3nico de preinscripci\u00f3n en la convocatoria seleccionada. En el caso de que se tenga que adjuntar documentaci\u00f3n complementaria a la solicitud, de acuerdo con lo que se indica en las Bases de la convocatoria, se puede incluir escaneada en formato PDF en el momento en el que se solicite mientras se rellena el formulario. Si se tuviera que adjuntar varios documentos en un mismo apartado, se deber\u00e1n unir en un solo archivo, ya que solo es posible subir un \u00fanico fichero en cada apartado.<\/p>\n\n\n\n<p>Una vez se haya cumplimentado el formulario electr\u00f3nico de manera correcta, se obtendr\u00e1 un documento titulado &#8216;Solicitud de admisi\u00f3n a pruebas selectivas en la Administraci\u00f3n P\u00fablica y Liquidaci\u00f3n de tasas de derechos de examen&#8217;, que se debe guardar ya que contiene los datos que se necesitar\u00e1n en el transcurso de la convocatoria para comprobar el estado de participaci\u00f3n. El n\u00famero de documento de identificaci\u00f3n y el c\u00f3digo de participaci\u00f3n sirven como usuario y contrase\u00f1a para hacer dicha consulta. <\/p>\n\n\n\n<h4 class=\"wp-block-heading\">Requisitos<\/h4>\n\n\n\n<p>Todas aquellas personas que reunan los siguientes requisitos generales pueden presentarse a dicha convocatoria:<\/p>\n\n\n\n<ul class=\"wp-block-list\"><li>Tener la nacionalidad espa\u00f1ola, la de un Estado miembro de la Uni\u00f3n Europea o la que en virtud de los Tratados Internacionales celebrados por la Uni\u00f3n Europea y ratificados por Espa\u00f1a sea de aplicaci\u00f3n la libre circulaci\u00f3n de trabajadores, o ser c\u00f3nyuge o descendiente de una persona que re\u00fana dichas condiciones.<\/li><li>Tambi\u00e9n podr\u00e1n participar quienes, no estando incluidos en los anteriores apartados, se encuentren en Espa\u00f1a en situaci\u00f3n de legalidad, siendo titulares de un documento que les habilite a residir y a poder acceder sin limitaciones al mercado laboral.<\/li><li>Tener la mayor\u00eda de edad, es decir, m\u00e1s de 18 a\u00f1os.<\/li><li>Tener el t\u00edtulo de Bachiller o t\u00edtulo de T\u00e9cnico de Formaci\u00f3n Profesional o equivalentes a efectos profesionales. En su defecto t\u00edtulo de Graduado en Educaci\u00f3n Secundaria Obligatoria o titulaci\u00f3n equivalente a efectos laborales en uni\u00f3n de al menos cuatro a\u00f1os de experiencia profesional acreditada como auxiliar de circulaci\u00f3n.<br>Poseer la capacidad psicof\u00edsica para el desempe\u00f1o de las funciones del puesto de trabajo.<\/li><li>No haber mantenido relaci\u00f3n laboral con la Red Nacional de los Ferrocarriles Espa\u00f1oles (RENFE), Gestor de Infraestructuras Ferroviarias (GIF), Ferrocarriles de V\u00eda Estrecha (FEVE), Administrador de Infraestructuras Ferroviarias (ADIF) o Adif Alta Velocidad (ADIF-AV).<\/li><li>No haber sido sujeto de despido por causas objetivas en RENFE, GIF, FEVE, ADIF o ADIF-AV.<\/li><li>No haber sido cesado en RENFE, GIF, FEVE, ADIF o ADIF-AV como consecuencia de declaraci\u00f3n de incapacidad permanente total, habiendo cobrado indemnizaci\u00f3n por extinci\u00f3n de su relaci\u00f3n laboral.<\/li><li>No hallarse inhabilitado para el desempe\u00f1o de la profesi\u00f3n o funciones relacionadas con los puestos de trabajo objeto de la convocatoria<\/li><\/ul>\n","protected":false},"excerpt":{"rendered":"<p>Adif ha lanzado una oferta de empleo p\u00fablico para incorporar a 434 nuevos trabajadores de personal operativo a su plantilla.<\/p>\n","protected":false},"author":2,"featured_media":2274,"comment_status":"open","ping_status":"open","sticky":false,"template":"","format":"standard","meta":{"footnotes":""},"categories":[620],"tags":[1453,1454,137,618,798],"class_list":["post-2273","post","type-post","status-publish","format-standard","has-post-thumbnail","hentry","category-empleo-publico","tag-1453","tag-adif","tag-empleo","tag-plazas","tag-publico"],"amp_enabled":true,"_links":{"self":[{"href":"https:\/\/sucurriculum.com\/noticias\/wp-json\/wp\/v2\/posts\/2273","targetHints":{"allow":["GET"]}}],"collection":[{"href":"https:\/\/sucurriculum.com\/noticias\/wp-json\/wp\/v2\/posts"}],"about":[{"href":"https:\/\/sucurriculum.com\/noticias\/wp-json\/wp\/v2\/types\/post"}],"author":[{"embeddable":true,"href":"https:\/\/sucurriculum.com\/noticias\/wp-json\/wp\/v2\/users\/2"}],"replies":[{"embeddable":true,"href":"https:\/\/sucurriculum.com\/noticias\/wp-json\/wp\/v2\/comments?post=2273"}],"version-history":[{"count":1,"href":"https:\/\/sucurriculum.com\/noticias\/wp-json\/wp\/v2\/posts\/2273\/revisions"}],"predecessor-version":[{"id":2275,"href":"https:\/\/sucurriculum.com\/noticias\/wp-json\/wp\/v2\/posts\/2273\/revisions\/2275"}],"wp:featuredmedia":[{"embeddable":true,"href":"https:\/\/sucurriculum.com\/noticias\/wp-json\/wp\/v2\/media\/2274"}],"wp:attachment":[{"href":"https:\/\/sucurriculum.com\/noticias\/wp-json\/wp\/v2\/media?parent=2273"}],"wp:term":[{"taxonomy":"category","embeddable":true,"href":"https:\/\/sucurriculum.com\/noticias\/wp-json\/wp\/v2\/categories?post=2273"},{"taxonomy":"post_tag","embeddable":true,"href":"https:\/\/sucurriculum.com\/noticias\/wp-json\/wp\/v2\/tags?post=2273"}],"curies":[{"name":"wp","href":"https:\/\/api.w.org\/{rel}","templated":true}]}}