{"id":2270,"date":"2020-07-30T10:02:17","date_gmt":"2020-07-30T08:02:17","guid":{"rendered":"https:\/\/sucurriculum.com\/noticias\/?p=2270"},"modified":"2020-07-30T10:02:18","modified_gmt":"2020-07-30T08:02:18","slug":"lidl-crea-60-puestos-de-trabajo-en-canarias","status":"publish","type":"post","link":"https:\/\/sucurriculum.com\/noticias\/lidl-crea-60-puestos-de-trabajo-en-canarias\/","title":{"rendered":"Lidl crea 60 Puestos de trabajo en Canarias"},"content":{"rendered":"\n<p>La cadena de supermercados Lidl, en su apuesta por Canarias, ha puesto en funcionamiento en este mes de julio una nueva plataforma log\u00edstica en Ag\u00fcimes en la que ha invertido unos 45 millones de euros y ha creado 60 nuevos puestos de trabajo. Este es el segundo almac\u00e9n de Lidl en Canarias, ya que el otro se encuentra en el municipio de G\u00fc\u00edmar (Tenerife), puesto que el objetivo de la cadena de supermercados es el de continuar impulsando su negocio en el archipi\u00e9lago, ya que prev\u00e9 \u00ababrir m\u00e1s tiendas, crear m\u00e1s empleo y comprar m\u00e1s producto\u00bb.<\/p>\n\n\n\n<p>De este modo, la nueva plataforma log\u00edstica de Ag\u00fcimes est\u00e1 construida en una parcela de unos 40.000 metros cuadrados, que suministra mercanc\u00eda a los 14 establecimientos de Lidl en la provincia de Las Palmas repartidos en las islas de Lanzarote, Fuerteventura y Gran Canaria.<\/p>\n\n\n\n<p>As\u00ed, con m\u00e1s de 25.000 metros cuadrados de superficie, tiene capacidad para almacenar unos 21.000 pal\u00e9s y tiene hasta 49 muelles de carga y descarga para optimizar el tr\u00e1nsito de la mercanc\u00eda desde su entrega por parte de los proveedores hasta su posterior distribuci\u00f3n, seg\u00fan inform\u00f3 Lidl en nota de prensa.<\/p>\n\n\n\n<p>En cuanto al empleo, Lidl se\u00f1ala que actualmente con su actividad incide sobre unos 3.000 puestos de trabajo directos, indirectos e inducidos en el archipi\u00e9lago, aportando el 0,34 por ciento de todo el empleo en las islas, y aportando unos 140 millones de euros anuales al PIB de la regi\u00f3n, el 0,40 por ciento de todo el PIB canario.<\/p>\n\n\n\n<p>Actualmente Lidl realiza compras por valor de unos 50 millones de euros anuales en productos de Canarias, ofreciendo unos 760 art\u00edculos regionales en su surtido y exportando a trav\u00e9s de su red de m\u00e1s de 10.800 puntos de venta en varios pa\u00edses. A\u00f1ade que en las tiendas canarias identifica los productos del archipi\u00e9lago a trav\u00e9s del sello &#8216;Compro Canario&#8217;, incrementando recientemente en \u00e9stas un 40 por ciento las referencias canarias, con el fin de promover el desarrollo de la industria agroalimentaria y la reactivaci\u00f3n econ\u00f3mica de las islas.<\/p>\n\n\n\n<p>La cadena cumple diez a\u00f1os en Canarias, donde actualmente tiene una plantilla de m\u00e1s de 1.000 personas y una red de 30 tiendas en las islas (la \u00faltima, inaugurada este mismo mes en Telde, donde s\u00f3lo en el \u00faltimo a\u00f1o acumula hasta tres nuevas aperturas en l\u00ednea con su apuesta por acercar cada vez m\u00e1s su oferta al consumidor canario. Aqu\u00ed os dejamos un <a href=\"https:\/\/empleo.lidl.es\/es\/busqueda.htm\">enlace a la web de empleo de la compa\u00f1\u00eda<\/a>.<\/p>\n","protected":false},"excerpt":{"rendered":"<p>La cadena de supermercados Lidl, en su apuesta por Canarias, ha puesto en funcionamiento en este mes de julio una nueva plataforma log\u00edstica en Ag\u00fcimes en la que ha invertido unos 45 millones de euros y ha creado 60 nuevos puestos de trabajo.<\/p>\n","protected":false},"author":2,"featured_media":2271,"comment_status":"open","ping_status":"open","sticky":false,"template":"","format":"standard","meta":{"footnotes":""},"categories":[2],"tags":[1397,137,881,637,636],"class_list":["post-2270","post","type-post","status-publish","format-standard","has-post-thumbnail","hentry","category-noticias","tag-canarias","tag-empleo","tag-lidl","tag-logistica","tag-plataforma"],"amp_enabled":true,"_links":{"self":[{"href":"https:\/\/sucurriculum.com\/noticias\/wp-json\/wp\/v2\/posts\/2270","targetHints":{"allow":["GET"]}}],"collection":[{"href":"https:\/\/sucurriculum.com\/noticias\/wp-json\/wp\/v2\/posts"}],"about":[{"href":"https:\/\/sucurriculum.com\/noticias\/wp-json\/wp\/v2\/types\/post"}],"author":[{"embeddable":true,"href":"https:\/\/sucurriculum.com\/noticias\/wp-json\/wp\/v2\/users\/2"}],"replies":[{"embeddable":true,"href":"https:\/\/sucurriculum.com\/noticias\/wp-json\/wp\/v2\/comments?post=2270"}],"version-history":[{"count":1,"href":"https:\/\/sucurriculum.com\/noticias\/wp-json\/wp\/v2\/posts\/2270\/revisions"}],"predecessor-version":[{"id":2272,"href":"https:\/\/sucurriculum.com\/noticias\/wp-json\/wp\/v2\/posts\/2270\/revisions\/2272"}],"wp:featuredmedia":[{"embeddable":true,"href":"https:\/\/sucurriculum.com\/noticias\/wp-json\/wp\/v2\/media\/2271"}],"wp:attachment":[{"href":"https:\/\/sucurriculum.com\/noticias\/wp-json\/wp\/v2\/media?parent=2270"}],"wp:term":[{"taxonomy":"category","embeddable":true,"href":"https:\/\/sucurriculum.com\/noticias\/wp-json\/wp\/v2\/categories?post=2270"},{"taxonomy":"post_tag","embeddable":true,"href":"https:\/\/sucurriculum.com\/noticias\/wp-json\/wp\/v2\/tags?post=2270"}],"curies":[{"name":"wp","href":"https:\/\/api.w.org\/{rel}","templated":true}]}}