{"id":2267,"date":"2020-07-30T09:52:11","date_gmt":"2020-07-30T07:52:11","guid":{"rendered":"https:\/\/sucurriculum.com\/noticias\/?p=2267"},"modified":"2020-07-30T09:52:11","modified_gmt":"2020-07-30T07:52:11","slug":"la-seguridad-social-pone-en-marcha-un-protocolo-informativo-con-las-comunidades-autonomas","status":"publish","type":"post","link":"https:\/\/sucurriculum.com\/noticias\/la-seguridad-social-pone-en-marcha-un-protocolo-informativo-con-las-comunidades-autonomas\/","title":{"rendered":"La Seguridad Social pone en marcha un protocolo informativo con las comunidades aut\u00f3nomas"},"content":{"rendered":"\n<p>Con periodicidad semanal, las comunidades aut\u00f3nomas reciben de forma actualizada por parte del Instituto Nacional de la Seguridad Social (INSS) las resoluciones a los expedientes nuevos del Ingreso M\u00ednimo Vital. Adem\u00e1s, las comunidades aut\u00f3nomas tienen acceso a los datos sobre los procesos de reconversi\u00f3n de oficio de beneficiarios de Prestaciones Familiares, reconocidos como perceptores del Ingreso M\u00ednimo Vital.<\/p>\n\n\n\n<p>Con este protocolo, se facilita la adaptaci\u00f3n de las rentas de las comunidades aut\u00f3nomas al Ingreso M\u00ednimo Vital, pudiendo decidir c\u00f3mo modulan las prestaciones previamente existentes. Hay que tener en cuenta que el IMV se configura como una prestaci\u00f3n &#8216;suelo&#8217; y compatible con las prestaciones auton\u00f3micas. Cada comunidad, por tanto, puede modificar el modelo de su prestaci\u00f3n como considere oportuno.<\/p>\n\n\n\n<p>En poco m\u00e1s de un mes, el INSS ha recibido cerca de 600.000 solicitudes del IMV. La mayor\u00eda se han realizado por v\u00eda telem\u00e1tica.<\/p>\n\n\n\n<p>Con el nuevo protocolo, el Ministerio de Inclusi\u00f3n, Seguridad Social y Migraciones da un paso m\u00e1s en su objetivo de facilitar la gesti\u00f3n y la coordinaci\u00f3n con los gobiernos regionales. Actualmente hay 300.000 hogares que reciben rentas de inserci\u00f3n auton\u00f3micas y parte de ellas (las que cumplan los requisitos del IMV) podr\u00e1n encuadrarse en este programa estatal.<\/p>\n\n\n\n<p><strong>Tambi\u00e9n en los \u00faltimos d\u00edas, el INSS ha llegado acuerdos con ayuntamientos con el objetivo de reducir los tr\u00e1mites de solicitud. Estos consistorios aportar\u00e1n directamente la informaci\u00f3n referida al padr\u00f3n municipal necesaria para tramitar el IMV, lo que agilizar\u00e1 gran parte de proceso y evitar\u00e1 desplazamientos de los solicitantes.<\/strong><\/p>\n\n\n\n<p>En el cuadro facilitado en la informaci\u00f3n complementaria est\u00e1 el listado de ayuntamientos con los que se ha llegado a estos acuerdos, entre ellos muchos de los m\u00e1s poblados de Espa\u00f1a. Adem\u00e1s, en Cantabria y en la provincia de Barcelona la consulta es de la totalidad de municipios.<\/p>\n\n\n\n<p>La Seguridad Social ya abon\u00f3 a finales de junio el primer pago del Ingreso M\u00ednimo Vital a 74.119 hogares de toda Espa\u00f1a. Se trataba de quienes ven\u00edan recibiendo la prestaci\u00f3n por hijo a cargo sin discapacidad o con discapacidad menor del 33% y que hab\u00edan sido reconocidos de oficio como beneficiarios del Ingreso M\u00ednimo Vital. Este colectivo sumaba m\u00e1s de 250.000 personas.<\/p>\n\n\n\n<p>El pr\u00f3ximo 3 de agosto la Seguridad Social abonar\u00e1 la mensualidad de julio a esos 74.119 hogares junto con los nuevos beneficiarios a los que se les haya reconocido la prestaci\u00f3n. A estos \u00faltimos se les pagar\u00e1 la misma con efectos econ\u00f3micos 1 de junio.<\/p>\n","protected":false},"excerpt":{"rendered":"<p>Con este protocolo, se facilita la adaptaci\u00f3n de las rentas de las comunidades aut\u00f3nomas al Ingreso M\u00ednimo Vital, pudiendo decidir c\u00f3mo modulan las prestaciones previamente existentes.<\/p>\n","protected":false},"author":2,"featured_media":2268,"comment_status":"open","ping_status":"open","sticky":false,"template":"","format":"standard","meta":{"footnotes":""},"categories":[35],"tags":[1452,837,1451,1450,199,200],"class_list":["post-2267","post","type-post","status-publish","format-standard","has-post-thumbnail","hentry","category-ayudas","tag-autonomas","tag-comunidades","tag-informativo","tag-protocolo","tag-seguridad","tag-social"],"amp_enabled":true,"_links":{"self":[{"href":"https:\/\/sucurriculum.com\/noticias\/wp-json\/wp\/v2\/posts\/2267","targetHints":{"allow":["GET"]}}],"collection":[{"href":"https:\/\/sucurriculum.com\/noticias\/wp-json\/wp\/v2\/posts"}],"about":[{"href":"https:\/\/sucurriculum.com\/noticias\/wp-json\/wp\/v2\/types\/post"}],"author":[{"embeddable":true,"href":"https:\/\/sucurriculum.com\/noticias\/wp-json\/wp\/v2\/users\/2"}],"replies":[{"embeddable":true,"href":"https:\/\/sucurriculum.com\/noticias\/wp-json\/wp\/v2\/comments?post=2267"}],"version-history":[{"count":1,"href":"https:\/\/sucurriculum.com\/noticias\/wp-json\/wp\/v2\/posts\/2267\/revisions"}],"predecessor-version":[{"id":2269,"href":"https:\/\/sucurriculum.com\/noticias\/wp-json\/wp\/v2\/posts\/2267\/revisions\/2269"}],"wp:featuredmedia":[{"embeddable":true,"href":"https:\/\/sucurriculum.com\/noticias\/wp-json\/wp\/v2\/media\/2268"}],"wp:attachment":[{"href":"https:\/\/sucurriculum.com\/noticias\/wp-json\/wp\/v2\/media?parent=2267"}],"wp:term":[{"taxonomy":"category","embeddable":true,"href":"https:\/\/sucurriculum.com\/noticias\/wp-json\/wp\/v2\/categories?post=2267"},{"taxonomy":"post_tag","embeddable":true,"href":"https:\/\/sucurriculum.com\/noticias\/wp-json\/wp\/v2\/tags?post=2267"}],"curies":[{"name":"wp","href":"https:\/\/api.w.org\/{rel}","templated":true}]}}