{"id":2261,"date":"2020-07-29T09:46:13","date_gmt":"2020-07-29T07:46:13","guid":{"rendered":"https:\/\/sucurriculum.com\/noticias\/?p=2261"},"modified":"2020-07-29T09:46:13","modified_gmt":"2020-07-29T07:46:13","slug":"amazon-oferta-nuevos-puestos-de-trabajo-en-sevilla","status":"publish","type":"post","link":"https:\/\/sucurriculum.com\/noticias\/amazon-oferta-nuevos-puestos-de-trabajo-en-sevilla\/","title":{"rendered":"Amazon oferta nuevos puestos de trabajo en Sevilla"},"content":{"rendered":"\n<p>Amazon ha anunciado que crear\u00e1 unos 2.000 nuevos empleos fijos en Espa\u00f1a en 2020, que desvincula del coronavirus y que se producen como consecuencia de los planes de expansi\u00f3n de centros ya existentes de la compa\u00f1\u00eda en el pa\u00eds, as\u00ed como de la apertura de otros nuevos. Entre ellos, el nuevo centro log\u00edstico que abrir\u00e1 despu\u00e9s del verano en la localidad de Dos Hermanas.<\/p>\n\n\n\n<p>En Sevilla los puestos de trabajo ofertados para cubrir son para mozo de almac\u00e9n, a los cuales se puede aplicar <a href=\"https:\/\/www.amazon.jobs\/es\/landing_pages\/trabajo\">desde su propia p\u00e1gina web<\/a>. Ofrecen contrato temporal a tiempo completo y turnos rotativos.<\/p>\n\n\n\n<p>Los requisitos necesarios para optar a estos puestos de trabajo en el futuro centro log\u00edstico de Amazon en Dos Hermanas son los siguientes: mayor\u00eda de edad, permiso de trabajo y residencia, capacidad de leer y comprender instrucciones en espa\u00f1ol, actitud positiva hacia el trabajo, disposici\u00f3n y capacidad para trabajar a turnos de ma\u00f1ana, tarde y noche, compromiso con una cultura de seguridad y calidad, capacidad de aprendizaje y concentraci\u00f3n, apacidad de concentraci\u00f3n, posici\u00f3n de pie o caminando durante 8 horas, buena visi\u00f3n, capacidad de cargar hasta 23 Kgs, y capacidad espacial y buena orientaci\u00f3n.<\/p>\n\n\n\n<p>Las tareas a realizar son las siguientes: recepci\u00f3n de productos, registro de datos en el sistema inform\u00e1tico y control de calidad, ubicaci\u00f3n de productos en estanter\u00edas, uso de scanner y herramientas inform\u00e1ticas a nivel b\u00e1sico, recogida de productos de estanter\u00edas o palets, trabajo independiente y empaquetado de productos.<\/p>\n\n\n\n<h4 class=\"wp-block-heading\">Plantilla de Amazon<\/h4>\n\n\n\n<p>Con estas nuevas contrataciones, la plantilla fija de la compa\u00f1\u00eda se situar\u00e1 en los 9.000 empleados a finales de a\u00f1o, seg\u00fan han informado este martes fuentes de la compa\u00f1\u00eda.<\/p>\n\n\n\n<p>Estos 9.000 empleados fijos son independientes de los 1.500 puestos de trabajo temporales que se anunciaron hace tres meses como consecuencia de las medidas de confinamiento que se pusieron en marcha en Espa\u00f1a a causa de la Covid-19.<\/p>\n\n\n\n<p>Los nuevos empleos fijos que se crear\u00e1n se refieren a puestos para personas de distintos niveles de formaci\u00f3n y perfiles, operadores, ingenieros, desarrolladores de software, cient\u00edficos de datos y expertos en computaci\u00f3n en la nube.<\/p>\n\n\n\n<h4 class=\"wp-block-heading\">Nuevos centros log\u00edsticos en 2020<\/h4>\n\n\n\n<p>Durante 2020, Amazon ha anunciado que abrir\u00e1 dos nuevos centros log\u00edsticos en Dos Hermanas (Sevilla) y Alcal\u00e1 de Henares (Madrid), as\u00ed como tres estaciones log\u00edsticas en Murcia, Rub\u00ed (Barcelona) y Legan\u00e9s (Madrid).<\/p>\n\n\n\n<p>Fuentes de la compa\u00f1\u00eda han explicado que la mayor\u00eda de las contrataciones de este a\u00f1o es para los centros existentes, ya que para los nuevos el grueso de las contrataciones ser\u00e1 para el a\u00f1o que viene.<\/p>\n\n\n\n<p>Por su parte, Mariangela Marseglia, vicepresidenta y directora general de amazon.es, ha destacado en una nota de prensa el compromiso de la compa\u00f1\u00eda \u00aba largo plazo\u00bb en Espa\u00f1a, donde prev\u00e9 seguir creando un \u00abn\u00famero considerable de puestos de trabajo de calidad\u00bb.<\/p>\n\n\n\n<p>La actual red de Amazon en Espa\u00f1a abarca m\u00e1s de 28 centros diferentes, incluyendo centros log\u00edsticos y de distribuci\u00f3n, estaciones log\u00edsticas, oficinas corporativas, centros de desarrollo de software y un centro de I+D especializado en aprendizaje autom\u00e1tico e inteligencia artificial.<\/p>\n","protected":false},"excerpt":{"rendered":"<p>Amazon ha anunciado que crear\u00e1 unos 2.000 nuevos empleos fijos en Espa\u00f1a en 2020.<\/p>\n","protected":false},"author":2,"featured_media":2262,"comment_status":"open","ping_status":"open","sticky":false,"template":"","format":"standard","meta":{"footnotes":""},"categories":[65],"tags":[108,884,629,693,169],"class_list":["post-2261","post","type-post","status-publish","format-standard","has-post-thumbnail","hentry","category-ofertas-de-empleo","tag-amazon","tag-nuevos","tag-puestos","tag-sevilla","tag-trabajo"],"amp_enabled":true,"_links":{"self":[{"href":"https:\/\/sucurriculum.com\/noticias\/wp-json\/wp\/v2\/posts\/2261","targetHints":{"allow":["GET"]}}],"collection":[{"href":"https:\/\/sucurriculum.com\/noticias\/wp-json\/wp\/v2\/posts"}],"about":[{"href":"https:\/\/sucurriculum.com\/noticias\/wp-json\/wp\/v2\/types\/post"}],"author":[{"embeddable":true,"href":"https:\/\/sucurriculum.com\/noticias\/wp-json\/wp\/v2\/users\/2"}],"replies":[{"embeddable":true,"href":"https:\/\/sucurriculum.com\/noticias\/wp-json\/wp\/v2\/comments?post=2261"}],"version-history":[{"count":1,"href":"https:\/\/sucurriculum.com\/noticias\/wp-json\/wp\/v2\/posts\/2261\/revisions"}],"predecessor-version":[{"id":2263,"href":"https:\/\/sucurriculum.com\/noticias\/wp-json\/wp\/v2\/posts\/2261\/revisions\/2263"}],"wp:featuredmedia":[{"embeddable":true,"href":"https:\/\/sucurriculum.com\/noticias\/wp-json\/wp\/v2\/media\/2262"}],"wp:attachment":[{"href":"https:\/\/sucurriculum.com\/noticias\/wp-json\/wp\/v2\/media?parent=2261"}],"wp:term":[{"taxonomy":"category","embeddable":true,"href":"https:\/\/sucurriculum.com\/noticias\/wp-json\/wp\/v2\/categories?post=2261"},{"taxonomy":"post_tag","embeddable":true,"href":"https:\/\/sucurriculum.com\/noticias\/wp-json\/wp\/v2\/tags?post=2261"}],"curies":[{"name":"wp","href":"https:\/\/api.w.org\/{rel}","templated":true}]}}