{"id":2258,"date":"2020-07-29T09:29:29","date_gmt":"2020-07-29T07:29:29","guid":{"rendered":"https:\/\/sucurriculum.com\/noticias\/?p=2258"},"modified":"2020-07-29T09:29:30","modified_gmt":"2020-07-29T07:29:30","slug":"el-coronavirus-sumira-en-la-pobreza-extrema-a-60-millones-de-personas","status":"publish","type":"post","link":"https:\/\/sucurriculum.com\/noticias\/el-coronavirus-sumira-en-la-pobreza-extrema-a-60-millones-de-personas\/","title":{"rendered":"El coronavirus sumir\u00e1 en la pobreza extrema a 60 millones de personas"},"content":{"rendered":"\n<p>La pandemia de coronavirus est\u00e1 provocando una crisis sanitaria, econ\u00f3mica y social sin precedentes. Sus efectos van a provocar un brutal retroceso en los Objetivos de Desarrollo Sostenible (ODS) de Naciones Unidas en aspectos tan sensibles como el hambre, la pobreza, la salud, la educaci\u00f3n o la desigualdad a nivel mundial.<\/p>\n\n\n\n<p>Cristina S\u00e1nchez, directora de la Red Espa\u00f1ola del Pacto Mundial, iniciativa internacional que promueve la sostenibilidad corporativa dentro del marco de Naciones Unidas, analiza para 20minutos el impacto de la Covid-19.<br><\/p>\n\n\n\n<p>\u00bfCu\u00e1nto va a incrementar el coronavirus la pobreza y el hambre en el mundo?<\/p>\n\n\n\n<p>La pandemia est\u00e1 dejando consecuencias demoledoras en muchos \u00e1mbitos. Sobre esto y sobre qu\u00e9 podemos hacer para reactivar la recuperaci\u00f3n con criterios de sostenibilidad, se ha profundizado hace solo unas semanas en el Foro Pol\u00edtico de Alto Nivel (HLPF), donde Naciones Unidas present\u00f3 el informe anual sobre el estado de los Objetivos de Desarrollo Sostenible (ODS) en todo el mundo.<\/p>\n\n\n\n<p>\u00bfA qu\u00e9 conclusiones llegaron?<\/p>\n\n\n\n<p>Se ha producido un estancamiento y retroceso en muchas \u00e1reas debido a la irrupci\u00f3n de la pandemia de la Covid-19. En algunos casos, no es solo que la pandemia hace pr\u00e1cticamente imposible alcanzar esos ODS, sino que se est\u00e1n amenazando los progresos conseguidos en los \u00faltimos a\u00f1os.<\/p>\n\n\n\n<p>As\u00ed ocurre en el ODS 1 (Fin de la pobreza). En este sentido, el documento concluye que hay estimaciones que alertan de que entre 40 y 60 millones de personas se sumir\u00e1n de nuevo en la pobreza extrema, en lo que constituye el primer aumento de la pobreza mundial en m\u00e1s de 20 a\u00f1os. Y es que, la pandemia est\u00e1 abocando al mundo a la peor crisis econ\u00f3mica global desde la Gran Depresi\u00f3n, provocando una conmoci\u00f3n sin precedentes del mercado laboral mundial.<\/p>\n\n\n\n<p>\u00bfC\u00f3mo va a afectar a la erradicaci\u00f3n del hambre?<\/p>\n\n\n\n<p>El coronavirus provoca grandes estragos en la erradicaci\u00f3n del hambre (ODS 2), donde adem\u00e1s el n\u00famero total de personas aquejadas de inseguridad alimentaria grave ha ido al alza desde 2015 y todav\u00eda existe una tasa muy alta de desnutrici\u00f3n infantil. Una situaci\u00f3n alarmante a la que el coronavirus, no ayuda, puesto que la producci\u00f3n y distribuci\u00f3n de alimentos podr\u00eda verse interrumpida.<\/p>\n\n\n\n<p>Por otro lado, es obvio que sobre la salud planetaria los efectos est\u00e1n siendo devastadores, puesto que la pandemia est\u00e1 invirtiendo d\u00e9cadas de progreso en lo que se refiere al ODS 3 (Salud y bienestar).<\/p>\n\n\n\n<p>\u00bfY en cuanto a la educaci\u00f3n?<\/p>\n\n\n\n<p>La pandemia ha dejado graves secuelas en el ODS 4 (Educaci\u00f3n de calidad), provocando el cierre de centros educativos, lo que ha mantenido al 90% de los estudiantes de todo el mundo (1.570 millones) fuera de la escuela y ha puesto de manifiesto la existencia de una gran brecha digital entre los ni\u00f1os y j\u00f3venes de comunidades vulnerables y desfavorecidas.<\/p>\n\n\n\n<p>La pandemia ha puesto de manifiesto la existencia de una gran brecha digital entre los ni\u00f1os de comunidades vulnerables<br>Cierto es que las conclusiones del informe no arrojan el mejor de los escenarios para los ODS. Por eso, ahora m\u00e1s que nunca, se hace imprescindible que todos los actores sociales actuemos con responsabilidad y solidaridad. Es urgente aunar esfuerzos para buscar de manera colectiva soluciones que nos permitan reconstruir el mundo despu\u00e9s de la pandemia de la Covid-19.<\/p>\n\n\n\n<p>\u00bfLas empresas pueden superar la pandemia de la Covid-19 sin abandonar los valores del desarrollo sostenible?<\/p>\n\n\n\n<p>Pueden y deben, pues su papel es imprescindible. Ni habr\u00e1 empresas pr\u00f3speras sin entornos pr\u00f3speros, ni nuestras econom\u00edas pueden ser fuertes y sostenibles si las empresas no tienen una gesti\u00f3n equivalente. El desarrollo sostenible es, sin duda, una de las principales herramientas que nos permitir\u00e1n superar esta crisis y seguir evolucionando como sociedad. No solo para las grandes empresas; Espa\u00f1a es un pa\u00eds de pymes, su papel es fundamental. Pensando en ellas, hemos adecuado algunas pautas en un documento espec\u00edfico para ellas.<\/p>\n\n\n\n<p>El desarrollo sostenible es, sin duda, una de las principales herramientas que nos permitir\u00e1n superar esta crisis<br>Y no podemos olvidar que el desarrollo sostenible es una gesti\u00f3n global, que afecta a los empleados, los proveedores, el uso de los recursos naturales, la manera de producir, vender, relacionarse con el cliente\u2026<\/p>\n\n\n\n<p>Las empresas espa\u00f1olas que forman parte del Pacto Mundial nos han dicho en un sondeo que en el 49% de los casos la pandemia no afectar\u00e1 a su trabajo en materia de sostenibilidad, en el 35% les afectar\u00e1 de forma positiva y solo en un 16% de los casos les afectar\u00e1 negativamente. Nuestra opini\u00f3n aqu\u00ed es clara: las empresas que quieran salir de esta crisis sin criterios de sostenibilidad no lograr\u00e1n sobrevivir.<\/p>\n\n\n\n<p>\u00bfLa apuesta por la econom\u00eda circular puede generar empleo?<\/p>\n\n\n\n<p>La Agenda 2030 ofrece importantes oportunidades para estimular el crecimiento econ\u00f3mico y para la b\u00fasqueda de nuevas oportunidades para las empresas. Se estima que se podr\u00edan crear 700.000 nuevos empleos aplicando los principios de la econom\u00eda circular.<\/p>\n\n\n\n<p>Hay quien dice que el coronavirus ha supuesto un respiro para el planeta Tierra por la reducci\u00f3n dr\u00e1stica de emisiones de CO2, \u00bfest\u00e1 de acuerdo?<\/p>\n\n\n\n<p>Estoy de acuerdo en que ha habido en este tiempo un menor impacto ambiental por la disminuci\u00f3n de la producci\u00f3n y el transporte. Pero tambi\u00e9n corremos el riesgo de que la preocupaci\u00f3n por la pandemia haga que se relaje el compromiso con el planeta. Es decir, que la urgencia clim\u00e1tica sigue estando aqu\u00ed y sigue siendo la misma amenaza que era en enero y no podemos dejar de actuar y legislar para atajar esto. Otra de las ense\u00f1anzas que hay que extraer de esto es el v\u00ednculo que existe entre un planeta sano y la salud de las personas.<\/p>\n","protected":false},"excerpt":{"rendered":"<p>La pandemia de coronavirus est\u00e1 provocando una crisis sanitaria, econ\u00f3mica y social sin precedentes. Sus efectos van a provocar un brutal retroceso en los Objetivos de Desarrollo Sostenible.<\/p>\n","protected":false},"author":2,"featured_media":2259,"comment_status":"open","ping_status":"open","sticky":false,"template":"","format":"standard","meta":{"footnotes":""},"categories":[66],"tags":[310,4,1445,40,264,534,1444],"class_list":["post-2258","post","type-post","status-publish","format-standard","has-post-thumbnail","hentry","category-noticias-actualidad","tag-310","tag-coronavirus","tag-extrema","tag-millones","tag-personas","tag-pobreza","tag-sumira"],"amp_enabled":true,"_links":{"self":[{"href":"https:\/\/sucurriculum.com\/noticias\/wp-json\/wp\/v2\/posts\/2258","targetHints":{"allow":["GET"]}}],"collection":[{"href":"https:\/\/sucurriculum.com\/noticias\/wp-json\/wp\/v2\/posts"}],"about":[{"href":"https:\/\/sucurriculum.com\/noticias\/wp-json\/wp\/v2\/types\/post"}],"author":[{"embeddable":true,"href":"https:\/\/sucurriculum.com\/noticias\/wp-json\/wp\/v2\/users\/2"}],"replies":[{"embeddable":true,"href":"https:\/\/sucurriculum.com\/noticias\/wp-json\/wp\/v2\/comments?post=2258"}],"version-history":[{"count":1,"href":"https:\/\/sucurriculum.com\/noticias\/wp-json\/wp\/v2\/posts\/2258\/revisions"}],"predecessor-version":[{"id":2260,"href":"https:\/\/sucurriculum.com\/noticias\/wp-json\/wp\/v2\/posts\/2258\/revisions\/2260"}],"wp:featuredmedia":[{"embeddable":true,"href":"https:\/\/sucurriculum.com\/noticias\/wp-json\/wp\/v2\/media\/2259"}],"wp:attachment":[{"href":"https:\/\/sucurriculum.com\/noticias\/wp-json\/wp\/v2\/media?parent=2258"}],"wp:term":[{"taxonomy":"category","embeddable":true,"href":"https:\/\/sucurriculum.com\/noticias\/wp-json\/wp\/v2\/categories?post=2258"},{"taxonomy":"post_tag","embeddable":true,"href":"https:\/\/sucurriculum.com\/noticias\/wp-json\/wp\/v2\/tags?post=2258"}],"curies":[{"name":"wp","href":"https:\/\/api.w.org\/{rel}","templated":true}]}}