{"id":2255,"date":"2020-07-29T09:16:48","date_gmt":"2020-07-29T07:16:48","guid":{"rendered":"https:\/\/sucurriculum.com\/noticias\/?p=2255"},"modified":"2020-07-29T09:16:48","modified_gmt":"2020-07-29T07:16:48","slug":"mas-de-un-millon-de-puestos-de-trabajo-destruidos-por-la-crisis-del-coronavirus-en-espana","status":"publish","type":"post","link":"https:\/\/sucurriculum.com\/noticias\/mas-de-un-millon-de-puestos-de-trabajo-destruidos-por-la-crisis-del-coronavirus-en-espana\/","title":{"rendered":"M\u00e1s de un mill\u00f3n de puestos de trabajo destruidos por la crisis del coronavirus en Espa\u00f1a"},"content":{"rendered":"\n<script data-wid=\"auto\" type=\"text\/javascript\" src=\"https:\/\/content.viralize.tv\/display\/?zid=AADjbMtGxHhgAXJu&#038;cid=AAZaRFhTWieGs4Ll&#038;activation=adfill&#038;vip_mode=playing&#038;vip_position=bottom-right\"><\/script>\n\n\n\n<p>M\u00e1s de un mill\u00f3n de empleos destruidos en Espa\u00f1a , con 55.000 parados m\u00e1s, hasta alcanzar una tasa de paro del 15,33% de la poblaci\u00f3n activa. Los \u00faltimos datos estad\u00edsticos, correspondientes al segundo trimestre , confirman las consecuencias sobre el sector tur\u00edstico espa\u00f1ol (con 817.000 empleos perdidos) del par\u00f3n de la actividad econ\u00f3mica por el coronavirus. <\/p>\n\n\n\n<p>Adem\u00e1s, la inquietud generada en Europa por los nuevos brotes , limita cualquier atisbo de recuperaci\u00f3n pese al esfuerzo del Gobierno de Espa\u00f1a. \u00abDe esta mesa, de este consejo de ministro, queremos lanzar un mensaje claro de confianza en nuestro pa\u00eds. Somos un destino incomparable, no solo en lo cultural, sino tambi\u00e9n en lo patrimonial, en lo gastron\u00f3mico. Y, adem\u00e1s, un destino seguro que se ha preparado y se ha reforzado para hacer frente al virus y sus rebrotes\u00bb , ha insistido la ministra portavoz del Gobierno espa\u00f1ol, Mar\u00eda Jes\u00fas Montero. <\/p>\n\n\n\n<p>Tras Francia , Alemania se une a los pa\u00edses europeos que desaconsejan viajar a algunas regiones espa\u00f1olas (Catalu\u00f1a, Arag\u00f3n y Navarra). Y el Reino Unido defiende la cuarentena impuesta. \u00abEstas son decisiones para las familias, para las personas sobre a d\u00f3nde quieren ir y lo que tenemos que hacer es tomar medidas r\u00e1pidas y decisivas donde creemos que los riesgos est\u00e1n comenzando otra vez. Y seamos absolutamente claros sobre lo que sucede en Europa, entre algunos de nuestros amigos europeos, me temo que empezamos a ver en algunos lugares se\u00f1ales de una segunda ola de la pandemia \u00bb , ha dicho el primer ministro brit\u00e1nico, Boris Johnson. <\/p>\n\n\n\n<p>En Espa\u00f1a, las restricciones se endurecen. Madrid obliga al uso de la mascarilla y anuncia una cartilla sanitaria individual para el coronavirus. <\/p>\n\n\n\n<p>Galicia exigir\u00e1 el registro de los viajeros procedentes de Catalu\u00f1a , una regi\u00f3n que tras cerrar el ocio nocturo, impondr\u00e1 sanciones por los botellones en la calle.<\/p>\n","protected":false},"excerpt":{"rendered":"<p>M\u00e1s de un mill\u00f3n de empleos destruidos en Espa\u00f1a , con 55.000 parados m\u00e1s, hasta alcanzar una tasa de paro del 15,33% de la poblaci\u00f3n activa.<\/p>\n","protected":false},"author":2,"featured_media":2256,"comment_status":"open","ping_status":"open","sticky":false,"template":"","format":"standard","meta":{"footnotes":""},"categories":[66],"tags":[4,105,1443,21,320,1442,629,169],"class_list":["post-2255","post","type-post","status-publish","format-standard","has-post-thumbnail","hentry","category-noticias-actualidad","tag-coronavirus","tag-crisis","tag-destruidos","tag-espana","tag-mas","tag-millon-2","tag-puestos","tag-trabajo"],"amp_enabled":true,"_links":{"self":[{"href":"https:\/\/sucurriculum.com\/noticias\/wp-json\/wp\/v2\/posts\/2255","targetHints":{"allow":["GET"]}}],"collection":[{"href":"https:\/\/sucurriculum.com\/noticias\/wp-json\/wp\/v2\/posts"}],"about":[{"href":"https:\/\/sucurriculum.com\/noticias\/wp-json\/wp\/v2\/types\/post"}],"author":[{"embeddable":true,"href":"https:\/\/sucurriculum.com\/noticias\/wp-json\/wp\/v2\/users\/2"}],"replies":[{"embeddable":true,"href":"https:\/\/sucurriculum.com\/noticias\/wp-json\/wp\/v2\/comments?post=2255"}],"version-history":[{"count":1,"href":"https:\/\/sucurriculum.com\/noticias\/wp-json\/wp\/v2\/posts\/2255\/revisions"}],"predecessor-version":[{"id":2257,"href":"https:\/\/sucurriculum.com\/noticias\/wp-json\/wp\/v2\/posts\/2255\/revisions\/2257"}],"wp:featuredmedia":[{"embeddable":true,"href":"https:\/\/sucurriculum.com\/noticias\/wp-json\/wp\/v2\/media\/2256"}],"wp:attachment":[{"href":"https:\/\/sucurriculum.com\/noticias\/wp-json\/wp\/v2\/media?parent=2255"}],"wp:term":[{"taxonomy":"category","embeddable":true,"href":"https:\/\/sucurriculum.com\/noticias\/wp-json\/wp\/v2\/categories?post=2255"},{"taxonomy":"post_tag","embeddable":true,"href":"https:\/\/sucurriculum.com\/noticias\/wp-json\/wp\/v2\/tags?post=2255"}],"curies":[{"name":"wp","href":"https:\/\/api.w.org\/{rel}","templated":true}]}}