{"id":2251,"date":"2020-07-28T09:51:02","date_gmt":"2020-07-28T07:51:02","guid":{"rendered":"https:\/\/sucurriculum.com\/noticias\/?p=2251"},"modified":"2020-07-28T09:51:02","modified_gmt":"2020-07-28T07:51:02","slug":"1-148-800-de-hogares-con-todos-sus-miembros-en-paro","status":"publish","type":"post","link":"https:\/\/sucurriculum.com\/noticias\/1-148-800-de-hogares-con-todos-sus-miembros-en-paro\/","title":{"rendered":"1.148.800 de hogares con todos sus miembros en paro"},"content":{"rendered":"\n<p>Los hogares que tienen a todos sus miembros activos en paro aumentaron en el segundo trimestre en 74.900, hasta un total de 1.148.800, de los que 300.100 son unipersonales, de acuerdo con los datos de la Encuesta de Poblaci\u00f3n Activa (EPA) publicados este martes por el INE. Por el contrario, el n\u00famero de hogares en los que todos sus miembros activos est\u00e1n ocupados disminuy\u00f3 en 311.300 y se situ\u00f3 en 10.385.100, de los que 1.958.100 son unipersonales.<\/p>\n\n\n\n<p>En comparativa anual, el n\u00famero de hogares en los que todos los activos est\u00e1n en paro ha aumentado en 156.000, mientras que los que tienen a todos sus activos ocupados se ha reducido en 261.000.<\/p>\n\n\n\n<p>El n\u00famero de hogares se increment\u00f3 en 10.500 en el segundo trimestre, hasta un total 18.784.400 (4.901.000 unipersonales).<\/p>\n\n\n\n<p>La EPA hecha p\u00fablica este martes ha avanzado que el n\u00famero de ocupados disminuy\u00f3 de forma r\u00e9cord en 1.074.000 personas en el segundo trimestre de 2020 respecto al anterior. Esta cifra, que no incluye a los afectados por un Expediente de Regulaci\u00f3n Temporal de Empleo (ERTE), deja el total de ocupados en 18,6 millones.<\/p>\n\n\n\n<p>No obstante, el INE se\u00f1ala que los ERTE s\u00ed que ha tenido reflejo en las horas efectivas de trabajo realizadas, que han disminuido un 22,59 % respecto al primer trimestre, lo que reduce el n\u00famero de ocupados que efectivamente han trabajado en el segundo trimestre a 13,9 millones, el 35,14 % de la poblaci\u00f3n de 16 a\u00f1os y m\u00e1s<\/p>\n","protected":false},"excerpt":{"rendered":"<p>Los hogares que tienen a todos sus miembros activos en paro aumentaron en el segundo trimestre en 74.900, hasta un total de 1.148.800.<\/p>\n","protected":false},"author":2,"featured_media":2252,"comment_status":"open","ping_status":"open","sticky":false,"template":"","format":"standard","meta":{"footnotes":""},"categories":[66],"tags":[524,1440,1441,31],"class_list":["post-2251","post","type-post","status-publish","format-standard","has-post-thumbnail","hentry","category-noticias-actualidad","tag-aumenta","tag-hogares","tag-miembros","tag-paro"],"amp_enabled":true,"_links":{"self":[{"href":"https:\/\/sucurriculum.com\/noticias\/wp-json\/wp\/v2\/posts\/2251","targetHints":{"allow":["GET"]}}],"collection":[{"href":"https:\/\/sucurriculum.com\/noticias\/wp-json\/wp\/v2\/posts"}],"about":[{"href":"https:\/\/sucurriculum.com\/noticias\/wp-json\/wp\/v2\/types\/post"}],"author":[{"embeddable":true,"href":"https:\/\/sucurriculum.com\/noticias\/wp-json\/wp\/v2\/users\/2"}],"replies":[{"embeddable":true,"href":"https:\/\/sucurriculum.com\/noticias\/wp-json\/wp\/v2\/comments?post=2251"}],"version-history":[{"count":1,"href":"https:\/\/sucurriculum.com\/noticias\/wp-json\/wp\/v2\/posts\/2251\/revisions"}],"predecessor-version":[{"id":2253,"href":"https:\/\/sucurriculum.com\/noticias\/wp-json\/wp\/v2\/posts\/2251\/revisions\/2253"}],"wp:featuredmedia":[{"embeddable":true,"href":"https:\/\/sucurriculum.com\/noticias\/wp-json\/wp\/v2\/media\/2252"}],"wp:attachment":[{"href":"https:\/\/sucurriculum.com\/noticias\/wp-json\/wp\/v2\/media?parent=2251"}],"wp:term":[{"taxonomy":"category","embeddable":true,"href":"https:\/\/sucurriculum.com\/noticias\/wp-json\/wp\/v2\/categories?post=2251"},{"taxonomy":"post_tag","embeddable":true,"href":"https:\/\/sucurriculum.com\/noticias\/wp-json\/wp\/v2\/tags?post=2251"}],"curies":[{"name":"wp","href":"https:\/\/api.w.org\/{rel}","templated":true}]}}