{"id":2245,"date":"2020-07-28T09:33:04","date_gmt":"2020-07-28T07:33:04","guid":{"rendered":"https:\/\/sucurriculum.com\/noticias\/?p=2245"},"modified":"2020-07-28T09:33:04","modified_gmt":"2020-07-28T07:33:04","slug":"dia-construira-en-illescas-su-mayor-almacen-logistico-de-espana","status":"publish","type":"post","link":"https:\/\/sucurriculum.com\/noticias\/dia-construira-en-illescas-su-mayor-almacen-logistico-de-espana\/","title":{"rendered":"DIA construir\u00e1 en Illescas su mayor almac\u00e9n log\u00edstico de Espa\u00f1a"},"content":{"rendered":"\n<p>El grupo DIA ha anunciado la firma de un acuerdo con la promotora Aquila Capital para ocupar una nueva nave en Illescas (Toledo) que se convertir\u00e1, una vez finalizadas las obras, en su mayor plataforma log\u00edstica de Espa\u00f1a y que absorber\u00e1 el trabajo de otros tres almacenes.<\/p>\n\n\n\n<p>La planta contar\u00e1 con 68.000 metros cuadrados y supondr\u00e1 una inversi\u00f3n de 50 millones de euros para Aquila Capital, due\u00f1a de los terrenos y responsable de su construcci\u00f3n. DIA se ha comprometido a alquilarla durante un per\u00edodo no inferior a quince a\u00f1os.<\/p>\n\n\n\n<p>El proyecto se hace p\u00fablico justo un a\u00f1o despu\u00e9s de que Aquila perteneciente al gestor de fondos de inversi\u00f3n alem\u00e1n del mismo nombre informara de su entrada en el sector de la log\u00edstica en Espa\u00f1a con la compra de 50 hect\u00e1reas en Illescas.<\/p>\n\n\n\n<p>Los responsables de DIA precisan en un comunicado que las instalaciones se construir\u00e1n seg\u00fan sus especificaciones y que dar\u00e1n servicio a cerca de medio millar de tiendas repartidas entre la Comunidad de Madrid, Castilla-La Mancha y Castilla y Le\u00f3n, de las m\u00e1s de 4.000 con las que cuenta en Espa\u00f1a.<\/p>\n\n\n\n<p>Los almacenes que la compa\u00f1\u00eda tiene en Arroyomolinos, Mejorada del Campo (ambos en Madrid) y en Azuqueca de Henares (Guadalajara) \u00abtrasladar\u00e1n su producci\u00f3n a Illescas\u00bb, seg\u00fan ha informado la cadena de supermercados, que prev\u00e9 \u00absumar a los trabajadores de estas instalaciones\u00bb a la plantilla localizada en Illescas, que estar\u00e1 formada por unos 500 trabajadores.<\/p>\n\n\n\n<p>La planta se espera que est\u00e9 operativa durante el primer semestre de 2022, forma parte de las instalaciones \u00abIllescas Green Logistics Park\u00bb y sera \u00abautosuficiente\u00bb en consumo energ\u00e9tico, con placas solares.<\/p>\n\n\n\n<p>La direcci\u00f3n de DIA ha enmarcado esta iniciativa dentro de su objetivo de \u00abcontar con una red log\u00edstica s\u00f3lida y adaptada a las necesidades actuales y futuras de la empresa y que pueda abastecer a las tiendas para dar respuesta en tiempo y forma a las demandas del cliente\u00bb, seg\u00fan detall\u00f3 ayer la compa\u00f1\u00eda. Aqu\u00ed os dejamos un <a href=\"https:\/\/tutienda.dia.es\/empleo\">enlace a la web de empleo<\/a> de la compa\u00f1\u00eda para que envi\u00e9is vuestro CV.<\/p>\n","protected":false},"excerpt":{"rendered":"<p>La planta contar\u00e1 con 68.000 metros cuadrados y supondr\u00e1 una inversi\u00f3n de 50 millones de euros.<\/p>\n","protected":false},"author":2,"featured_media":2246,"comment_status":"open","ping_status":"open","sticky":false,"template":"","format":"standard","meta":{"footnotes":""},"categories":[65],"tags":[1436,1434,494,21,1435,213,318],"class_list":["post-2245","post","type-post","status-publish","format-standard","has-post-thumbnail","hentry","category-ofertas-de-empleo","tag-almacen","tag-construira","tag-dia-2","tag-espana","tag-illescas","tag-logistico","tag-mayor"],"amp_enabled":true,"_links":{"self":[{"href":"https:\/\/sucurriculum.com\/noticias\/wp-json\/wp\/v2\/posts\/2245","targetHints":{"allow":["GET"]}}],"collection":[{"href":"https:\/\/sucurriculum.com\/noticias\/wp-json\/wp\/v2\/posts"}],"about":[{"href":"https:\/\/sucurriculum.com\/noticias\/wp-json\/wp\/v2\/types\/post"}],"author":[{"embeddable":true,"href":"https:\/\/sucurriculum.com\/noticias\/wp-json\/wp\/v2\/users\/2"}],"replies":[{"embeddable":true,"href":"https:\/\/sucurriculum.com\/noticias\/wp-json\/wp\/v2\/comments?post=2245"}],"version-history":[{"count":1,"href":"https:\/\/sucurriculum.com\/noticias\/wp-json\/wp\/v2\/posts\/2245\/revisions"}],"predecessor-version":[{"id":2247,"href":"https:\/\/sucurriculum.com\/noticias\/wp-json\/wp\/v2\/posts\/2245\/revisions\/2247"}],"wp:featuredmedia":[{"embeddable":true,"href":"https:\/\/sucurriculum.com\/noticias\/wp-json\/wp\/v2\/media\/2246"}],"wp:attachment":[{"href":"https:\/\/sucurriculum.com\/noticias\/wp-json\/wp\/v2\/media?parent=2245"}],"wp:term":[{"taxonomy":"category","embeddable":true,"href":"https:\/\/sucurriculum.com\/noticias\/wp-json\/wp\/v2\/categories?post=2245"},{"taxonomy":"post_tag","embeddable":true,"href":"https:\/\/sucurriculum.com\/noticias\/wp-json\/wp\/v2\/tags?post=2245"}],"curies":[{"name":"wp","href":"https:\/\/api.w.org\/{rel}","templated":true}]}}