{"id":2233,"date":"2020-07-27T09:43:34","date_gmt":"2020-07-27T07:43:34","guid":{"rendered":"https:\/\/sucurriculum.com\/noticias\/?p=2233"},"modified":"2020-07-27T09:43:35","modified_gmt":"2020-07-27T07:43:35","slug":"la-residencia-de-estudiantes-de-cazona-generara-100-empleos","status":"publish","type":"post","link":"https:\/\/sucurriculum.com\/noticias\/la-residencia-de-estudiantes-de-cazona-generara-100-empleos\/","title":{"rendered":"La residencia de estudiantes de Cazo\u00f1a generar\u00e1 100 empleos"},"content":{"rendered":"\n<p>Santander contar\u00e1 el pr\u00f3ximo a\u00f1o con una nueva residencia de estudiantes, que construir\u00e1 el grupo inversor Micampus en la antigua residencia de mayores de la Fundaci\u00f3n Caja Cantabria, en Cazo\u00f1a, en desuso desde hace m\u00e1s de diez a\u00f1os. Las obras del nuevo centro costar\u00e1n 25 millones de euros y generar\u00e1 m\u00e1s de cien nuevos puestos de trabajo entre empleo directo e indirecto.<\/p>\n\n\n\n<p>La residencia, que estar\u00e1 acabada en 15 meses, contar\u00e1 con 419 habitaciones completamente equipadas con ba\u00f1o y cocina, que se alquilar\u00e1n en varios formatos, como el denominado &#8216;cluster&#8217; que ofrece habitaciones individuales y sala de estar com\u00fan, orientados a estudiantes graduados y MIR.<\/p>\n\n\n\n<p>Dispondr\u00e1 de gimnasio y sala de fitness, salas de estudio e investigaci\u00f3n grupal, salas de ocio y lavander\u00eda o salas de conferencias, entre otros. Adem\u00e1s, ofrecer\u00e1 WIFI 5G de \u00faltima generaci\u00f3n y un servicio m\u00e9dico online.<\/p>\n\n\n\n<p>La alcaldesa, Gema Igual, que ha visitado las obras acompa\u00f1ada de director general de la empresa promotora, Ignacio Baselga, y el concejal de Fomento, C\u00e9sar D\u00edaz, ha asegurado que se trata de una inversi\u00f3n \u00abmuy ambiciosa\u00bb.<\/p>\n\n\n\n<p>Y ha reconocido \u00abel compromiso\u00bb de este grupo empresarial con Santander tanto por la inversi\u00f3n como por dar prioridad a los contratistas locales y reactivar as\u00ed \u00abel tejido productivo y a las empresas santanderinas\u00bb en unos momentos en los que \u00abtanta falta nos hace\u00bb.<\/p>\n\n\n\n<p>Tambi\u00e9n ha destacado la apuesta por poner en valor un inmueble que \u00abllevaba cerrado demasiados a\u00f1os\u00bb.<\/p>\n\n\n\n<p>Para la regidora, la llegada de esta residencia supone adem\u00e1s que el municipio entre en el circuito de ciudades donde ya est\u00e1 presente este grupo, l\u00edder en el sector y que cuenta o tiene proyectadas dotaciones similares en Pamplona, Sevilla, M\u00e1laga, Bilbao, Burgos, Aranjuez, Valencia o Logro\u00f1o.<\/p>\n\n\n\n<p>Ignacio Baselga ha detallado que las obras, que se inician ahora, durar\u00e1n unos 15 meses y ha destacado la \u00abfant\u00e1stica ubicaci\u00f3n\u00bb de la residencia, pr\u00f3xima al Hospital Valdecilla, el campus de Los Castros y la Universidad Europea del Atl\u00e1ntico.<\/p>\n","protected":false},"excerpt":{"rendered":"<p>Santander contar\u00e1 el pr\u00f3ximo a\u00f1o con una nueva residencia de estudiantes, que construir\u00e1 el grupo inversor Micampus en la antigua residencia de mayores de la Fundaci\u00f3n Caja Cantabria, en Cazo\u00f1a.<\/p>\n","protected":false},"author":2,"featured_media":2234,"comment_status":"open","ping_status":"open","sticky":false,"template":"","format":"standard","meta":{"footnotes":""},"categories":[65],"tags":[130,1423,95,1422,782,167],"class_list":["post-2233","post","type-post","status-publish","format-standard","has-post-thumbnail","hentry","category-ofertas-de-empleo","tag-130","tag-cazona","tag-empleos","tag-estudiantes","tag-generara","tag-residencia"],"amp_enabled":true,"_links":{"self":[{"href":"https:\/\/sucurriculum.com\/noticias\/wp-json\/wp\/v2\/posts\/2233","targetHints":{"allow":["GET"]}}],"collection":[{"href":"https:\/\/sucurriculum.com\/noticias\/wp-json\/wp\/v2\/posts"}],"about":[{"href":"https:\/\/sucurriculum.com\/noticias\/wp-json\/wp\/v2\/types\/post"}],"author":[{"embeddable":true,"href":"https:\/\/sucurriculum.com\/noticias\/wp-json\/wp\/v2\/users\/2"}],"replies":[{"embeddable":true,"href":"https:\/\/sucurriculum.com\/noticias\/wp-json\/wp\/v2\/comments?post=2233"}],"version-history":[{"count":1,"href":"https:\/\/sucurriculum.com\/noticias\/wp-json\/wp\/v2\/posts\/2233\/revisions"}],"predecessor-version":[{"id":2235,"href":"https:\/\/sucurriculum.com\/noticias\/wp-json\/wp\/v2\/posts\/2233\/revisions\/2235"}],"wp:featuredmedia":[{"embeddable":true,"href":"https:\/\/sucurriculum.com\/noticias\/wp-json\/wp\/v2\/media\/2234"}],"wp:attachment":[{"href":"https:\/\/sucurriculum.com\/noticias\/wp-json\/wp\/v2\/media?parent=2233"}],"wp:term":[{"taxonomy":"category","embeddable":true,"href":"https:\/\/sucurriculum.com\/noticias\/wp-json\/wp\/v2\/categories?post=2233"},{"taxonomy":"post_tag","embeddable":true,"href":"https:\/\/sucurriculum.com\/noticias\/wp-json\/wp\/v2\/tags?post=2233"}],"curies":[{"name":"wp","href":"https:\/\/api.w.org\/{rel}","templated":true}]}}