{"id":2223,"date":"2020-07-24T09:23:39","date_gmt":"2020-07-24T07:23:39","guid":{"rendered":"https:\/\/sucurriculum.com\/noticias\/?p=2223"},"modified":"2020-07-24T09:23:39","modified_gmt":"2020-07-24T07:23:39","slug":"el-c-c-de-camaretas-creara-entre-25-y-30-empleos-con-dos-nuevas-tiendas-y-un-gimnasio","status":"publish","type":"post","link":"https:\/\/sucurriculum.com\/noticias\/el-c-c-de-camaretas-creara-entre-25-y-30-empleos-con-dos-nuevas-tiendas-y-un-gimnasio\/","title":{"rendered":"El C.C. de Camaretas crear\u00e1 entre 25 y 30 empleos con dos nuevas tiendas y un gimnasio"},"content":{"rendered":"\n<p>El Centro comercial camaretas suma nuevos activos con tres aperturas inminentes que crear\u00e1n entre 25 y 30 puestos de trabajo y supondr\u00e1n inversiones cercanas a los dos millones de euros.<\/p>\n\n\n\n<p>La principal novedad es la llegada del gimnasio Sparta que ocupar\u00e1 una superficie de 1.500 metros cuadrados y que complementa la oferta actual del centro comercial con otro tipo de servicio muy demandado, c\u00f3mo ha explicado hoy el gerente, F\u00e9lix Sanz.<\/p>\n\n\n\n<p>El nuevo gimnasio crear\u00e1 entre 10 y 12 puestos de trabajo con una inversi\u00f3n cercana al mill\u00f3n de euros y su apertura est\u00e1 prevista para finales de agosto. Sparta Gym Fitness instalar\u00e1 un stand en el centro comercial para atender las dudas e informaci\u00f3n de los futuros usuarios y est\u00e1 recabando ya curriculums para completar la plantilla.<\/p>\n\n\n\n<p>El gimnasio ofrecer\u00e1 una gran variedad de actividades deportivas y asesoramiento personalizado as\u00ed como condiciones m\u00e1ximas de seguridad. La instalaci\u00f3n abrir\u00e1 los 365 d\u00edas del a\u00f1o, tambi\u00e9n festivos, de 06.00 de la ma\u00f1ana a las 24.00 horas con el fin de adaptarse a las necesidades de los socios y que los horarios no supongan un problema para la pr\u00e1ctica de la actividad deportiva.<\/p>\n\n\n\n<p>A esta apertura se van a sumar dos m\u00e1s, Doble Zona del sector del mueble y la decoraci\u00f3n que supondr\u00e1 cinco puestos de trabajo y una inversi\u00f3n de 122.000 euros y Tienda a Tienda que tambi\u00e9n crear\u00e1 entre 10 y 12 empleos con una inversi\u00f3n de 600.000 euros.<\/p>\n\n\n\n<p>Camaretas mantiene abiertas negociaciones para nuevas aperturas y conf\u00eda en seguir complementando la oferta comercial para evitar la fuga de compras que por cierto parece que se frena a ra\u00edz de esta crisis del covid 19.<\/p>\n","protected":false},"excerpt":{"rendered":"<p>El Centro comercial camaretas suma nuevos activos con tres aperturas inminentes que crear\u00e1n entre 25 y 30 puestos de trabajo y supondr\u00e1n inversiones cercanas a los dos millones de euros.<\/p>\n","protected":false},"author":2,"featured_media":2224,"comment_status":"open","ping_status":"open","sticky":false,"template":"","format":"standard","meta":{"footnotes":""},"categories":[65],"tags":[1122,1415,707,748,95,272,500],"class_list":["post-2223","post","type-post","status-publish","format-standard","has-post-thumbnail","hentry","category-ofertas-de-empleo","tag-1122","tag-camaretas","tag-centro","tag-comercial","tag-empleos","tag-gimnasio","tag-tiendas"],"amp_enabled":true,"_links":{"self":[{"href":"https:\/\/sucurriculum.com\/noticias\/wp-json\/wp\/v2\/posts\/2223","targetHints":{"allow":["GET"]}}],"collection":[{"href":"https:\/\/sucurriculum.com\/noticias\/wp-json\/wp\/v2\/posts"}],"about":[{"href":"https:\/\/sucurriculum.com\/noticias\/wp-json\/wp\/v2\/types\/post"}],"author":[{"embeddable":true,"href":"https:\/\/sucurriculum.com\/noticias\/wp-json\/wp\/v2\/users\/2"}],"replies":[{"embeddable":true,"href":"https:\/\/sucurriculum.com\/noticias\/wp-json\/wp\/v2\/comments?post=2223"}],"version-history":[{"count":1,"href":"https:\/\/sucurriculum.com\/noticias\/wp-json\/wp\/v2\/posts\/2223\/revisions"}],"predecessor-version":[{"id":2225,"href":"https:\/\/sucurriculum.com\/noticias\/wp-json\/wp\/v2\/posts\/2223\/revisions\/2225"}],"wp:featuredmedia":[{"embeddable":true,"href":"https:\/\/sucurriculum.com\/noticias\/wp-json\/wp\/v2\/media\/2224"}],"wp:attachment":[{"href":"https:\/\/sucurriculum.com\/noticias\/wp-json\/wp\/v2\/media?parent=2223"}],"wp:term":[{"taxonomy":"category","embeddable":true,"href":"https:\/\/sucurriculum.com\/noticias\/wp-json\/wp\/v2\/categories?post=2223"},{"taxonomy":"post_tag","embeddable":true,"href":"https:\/\/sucurriculum.com\/noticias\/wp-json\/wp\/v2\/tags?post=2223"}],"curies":[{"name":"wp","href":"https:\/\/api.w.org\/{rel}","templated":true}]}}