{"id":2220,"date":"2020-07-24T09:12:26","date_gmt":"2020-07-24T07:12:26","guid":{"rendered":"https:\/\/sucurriculum.com\/noticias\/?p=2220"},"modified":"2020-07-24T09:12:27","modified_gmt":"2020-07-24T07:12:27","slug":"requisitos-para-trabajar-en-mercadona","status":"publish","type":"post","link":"https:\/\/sucurriculum.com\/noticias\/requisitos-para-trabajar-en-mercadona\/","title":{"rendered":"Requisitos para trabajar en Mercadona"},"content":{"rendered":"\n<p>La cadena valenciana de supermercados ha puesto en marcha un nuevo proceso de selecci\u00f3n con el que busca incorporar a sus filas desde cajeros a reponedores, pasando por inform\u00e1ticos o abogados. El gigante de los supermercados espa\u00f1oles, bajo la direcci\u00f3n de Juan Roig ha puesto en marcha este proceso de selecci\u00f3n, y no solo para cubrir las vacantes de verano, hay muchas vacantes con contrato indefinido.<\/p>\n\n\n\n<p>Roig ofrece puestos 130 nuevos puestos de trabajo con sueldos que van desde los 1.338 a los 3.200 euros al mes. Los puestos a los que se puede aplicar son \u201cmozos de almac\u00e9n, inform\u00e1ticos, abogados, t\u00e9cnicos de redes sociales, editor de video, personal de limpieza, auxiliares de mantenimiento y responsables log\u00edsticos y de almac\u00e9n\u201d.<\/p>\n\n\n\n<p><strong>La empresa, que siempre busca incorporar nuevos talentos a su compa\u00f1\u00eda, valora especialmente en los empleados la orientaci\u00f3n al servicio al cliente, capacidad de comunicaci\u00f3n y trabajo en equipo y ganas de aprender, y, adem\u00e1s de esos requisitos, s\u00f3lo pide (en el caso de cajeros y personal de supermercado) \u201cunos estudios m\u00ednimos de educaci\u00f3n secundaria obligatoria (ESO) y carnet de conducir para el personal que se dedique al reparto\u201d.<\/strong><\/p>\n\n\n\n<p>Otra de las candidaturas ofertadas por Mercadona es la de empleados de prescripci\u00f3n de productos. Para ello, <strong>valora que \u201clos trabajadores conozcan los productos, sus funciones y variedades para que puedan ayudar al cliente a encontrar el que mejor se adapta a sus necesidades\u201d<\/strong>.<\/p>\n\n\n\n<p>Para cubrir el puesto de \u201cresponsable de automatizaci\u00f3n e instalaciones industriales\u201d, <strong>la empresa pide \u201cexperiencia m\u00ednima de 3 a\u00f1os en un puesto similar, conocimientos de ingenier\u00eda industrial, inform\u00e1tica o telecomunicaciones y valorar\u00e1 un m\u00e1ster en autom\u00e1tica e inform\u00e1tica industrial\u201d. Eso s\u00ed, si cumples los requisitos, te compensar\u00e1n con un sueldo de a partir de 45.812 euros brutos anuales, s\u00f3lo en el primer a\u00f1o.<\/strong><\/p>\n\n\n\n<p>Otros puestos que tambi\u00e9n requiere cubrir la empresa son los de un frigorista para el bloque log\u00edstico, para el que <strong>es imprescindible \u201ctener disponibilidad horaria en turno fijo de ma\u00f1ana, tarde y noche y un ciclo formativo de grado superior de Fr\u00edo Industrial o titulaci\u00f3n de Formaci\u00f3n Profesional de Fr\u00edo Industrial\u201d.<\/strong> Para el puesto de responsable de aprovisionamiento y log\u00edstica, <strong>la compa\u00f1\u00eda exige \u201cdos a\u00f1os de experiencia en puesto similar, carnet de conducir y coche propio y grado en matem\u00e1ticas\u201d.<\/strong><\/p>\n\n\n\n<h4 class=\"wp-block-heading\">Otros puestos<\/h4>\n\n\n\n<p>En el \u00e1rea de tecnolog\u00eda, la compa\u00f1\u00eda est\u00e1 buscando un arquitecto de datos inform\u00e1ticos. Para acceder a ese puesto, <strong>es imprescindible el \u201cgrado de Ingenier\u00eda Inform\u00e1tica o Telecomunicaciones, experiencia en un puesto similar y tambi\u00e9n como jefe de proyectos, de al menos dos a\u00f1os\u201d.<\/strong> Tambi\u00e9n busca un \u201cjefe de proyecto inform\u00e1tico SAP\u201d, para el <strong>piden \u201cuna experiencia m\u00ednima de 3 a\u00f1os como jefe de proyectos o consultor SAP, disponibilidad horaria y para viajar y carnet de conducir\u201d<\/strong>, y otro puesto vacante es el de responsable de inform\u00e1tica de sistemas. Para ello, <strong>entre los requisitos que hay que cumplir est\u00e1n tener el grado de ingenier\u00eda inform\u00e1tica o telecomunicaciones y conocimientos \u201cdel sistema operativo Linux RedHat, configuraci\u00f3n y administraci\u00f3n de servidores HPE, infraestructuras Blade y herramientas VCEM\/ OneView, sistemas de virtualizaci\u00f3n VMWARE, sistemas de almacenamiento IBM y sistemas de Backup Commvault\u201d.<\/strong><\/p>\n\n\n\n<p>Aqu\u00ed os dejamos un <a href=\"https:\/\/mercadona.avature.net\/es_ES\/Careers\/SearchJobs\/?3_60_3=243\">enlace a la web de empleo de la compa\u00f1\u00eda.<\/a> \u00a1Animo amig@s!.<\/p>\n","protected":false},"excerpt":{"rendered":"<p>La cadena valenciana de supermercados ha puesto en marcha un nuevo proceso de selecci\u00f3n con el que busca incorporar a sus filas desde cajeros a reponedores, pasando por inform\u00e1ticos o abogados.<\/p>\n","protected":false},"author":2,"featured_media":2221,"comment_status":"open","ping_status":"open","sticky":false,"template":"","format":"standard","meta":{"footnotes":""},"categories":[65],"tags":[137,209,243,24],"class_list":["post-2220","post","type-post","status-publish","format-standard","has-post-thumbnail","hentry","category-ofertas-de-empleo","tag-empleo","tag-mercadona","tag-requisitos","tag-trabajar"],"amp_enabled":true,"_links":{"self":[{"href":"https:\/\/sucurriculum.com\/noticias\/wp-json\/wp\/v2\/posts\/2220","targetHints":{"allow":["GET"]}}],"collection":[{"href":"https:\/\/sucurriculum.com\/noticias\/wp-json\/wp\/v2\/posts"}],"about":[{"href":"https:\/\/sucurriculum.com\/noticias\/wp-json\/wp\/v2\/types\/post"}],"author":[{"embeddable":true,"href":"https:\/\/sucurriculum.com\/noticias\/wp-json\/wp\/v2\/users\/2"}],"replies":[{"embeddable":true,"href":"https:\/\/sucurriculum.com\/noticias\/wp-json\/wp\/v2\/comments?post=2220"}],"version-history":[{"count":1,"href":"https:\/\/sucurriculum.com\/noticias\/wp-json\/wp\/v2\/posts\/2220\/revisions"}],"predecessor-version":[{"id":2222,"href":"https:\/\/sucurriculum.com\/noticias\/wp-json\/wp\/v2\/posts\/2220\/revisions\/2222"}],"wp:featuredmedia":[{"embeddable":true,"href":"https:\/\/sucurriculum.com\/noticias\/wp-json\/wp\/v2\/media\/2221"}],"wp:attachment":[{"href":"https:\/\/sucurriculum.com\/noticias\/wp-json\/wp\/v2\/media?parent=2220"}],"wp:term":[{"taxonomy":"category","embeddable":true,"href":"https:\/\/sucurriculum.com\/noticias\/wp-json\/wp\/v2\/categories?post=2220"},{"taxonomy":"post_tag","embeddable":true,"href":"https:\/\/sucurriculum.com\/noticias\/wp-json\/wp\/v2\/tags?post=2220"}],"curies":[{"name":"wp","href":"https:\/\/api.w.org\/{rel}","templated":true}]}}