{"id":2190,"date":"2020-07-22T10:24:31","date_gmt":"2020-07-22T08:24:31","guid":{"rendered":"https:\/\/sucurriculum.com\/noticias\/?p=2190"},"modified":"2020-07-22T10:24:31","modified_gmt":"2020-07-22T08:24:31","slug":"leroy-merlin-creara-100-puestos-de-trabajo-en-jaen","status":"publish","type":"post","link":"https:\/\/sucurriculum.com\/noticias\/leroy-merlin-creara-100-puestos-de-trabajo-en-jaen\/","title":{"rendered":"Leroy Merlin crear\u00e1 100 Puestos de Trabajo en Ja\u00e9n"},"content":{"rendered":"\n<p>El equipo directivo de Leroy Merlin, la gran superficie de bricolaje, construcci\u00f3n, decoraci\u00f3n y jardiner\u00eda, tiene previsto abrir su tienda en el centro comercial Ja\u00e9n Plaza en marzo de 2021, lo que supondr\u00e1 la creaci\u00f3n de un centenar de puestos de trabajo tanto directos como indirectos.<\/p>\n\n\n\n<p>As\u00ed ha trascendido de la reuni\u00f3n que ha mantenido el alcalde de Ja\u00e9n, Julio Mill\u00e1n, con el equipo directivo de la compa\u00f1\u00eda. Las obras de las instalaciones, que ya est\u00e1n muy avanzadas, permitir\u00e1n dotar a este espacio comercial de una tienda de 5.000 metros cuadrados, la mayor hasta el momento. Junto a Mill\u00e1n han estado el concejal de Urbanismo, Francisco Chica; el director de Desarrollo de la firma, Juan Sevillano; el director de la tienda de Ja\u00e9n, Manuel Montero; el director regional de la firma, Javier Mart\u00ednez; y el responsable de recursos humanos de la empresa Juli\u00e1n Barrasa, entre otros.<\/p>\n\n\n\n<p>El nuevo establecimiento ser\u00e1 el punto de venta n\u00famero 21 de Leroy Merlin en Andaluc\u00eda y supone la presencia de la compa\u00f1\u00eda en todas las provincias de la comunidad. Leroy Merlin Ja\u00e9n ha supuesto una inversi\u00f3n aproximada de seis millones de euros y se espera que genere unos 100 empleos tanto directos como indirectos.<\/p>\n\n\n\n<p>Juan Sevillano ha destacado la apuesta de la firma por la capital jiennense. \u201cEstamos deseando poder abrir nuestra tienda para ofrecer nuestros productos a los jiennenses, no solo de la capital sino de la provincia. Abriremos con la versi\u00f3n 4.0, que significa que no solo ofrecemos productos sino servicios novedosos, como instalaci\u00f3n, desarrollo de proyectos y entrega a domicilio entre otros\u201d, ha dicho Sevillano. Sevillano espera que a finales del primer trimestre pueda estar funcionando el nuevo centro.<\/p>\n\n\n\n<p>El alcalde, Julio Mill\u00e1n, ha destacado la apuesta por la inversi\u00f3n y el empleo de esta firma y ha apuntado a sus sinergias con el sector comercial de Ja\u00e9n de cara a ese refuerzo de la capitalidad de Ja\u00e9n que atraiga a personas de distintos puntos de la provincia.<\/p>\n\n\n\n<p>Aqu\u00ed os dejamos un <a href=\"https:\/\/empleo.leroymerlin.es\/\">enlace a la web de empleo de la compa\u00f1\u00eda<\/a>.<\/p>\n","protected":false},"excerpt":{"rendered":"<p>El equipo directivo de Leroy Merlin, la gran superficie de bricolaje, construcci\u00f3n, decoraci\u00f3n y jardiner\u00eda, tiene previsto abrir su tienda en el centro comercial Ja\u00e9n Plaza en marzo de 2021.<\/p>\n","protected":false},"author":2,"featured_media":2191,"comment_status":"open","ping_status":"open","sticky":false,"template":"","format":"standard","meta":{"footnotes":""},"categories":[65],"tags":[130,1173,95,498,959,960,1399],"class_list":["post-2190","post","type-post","status-publish","format-standard","has-post-thumbnail","hentry","category-ofertas-de-empleo","tag-130","tag-creara","tag-empleos","tag-jaen","tag-leroy","tag-merlin","tag-plaza"],"amp_enabled":true,"_links":{"self":[{"href":"https:\/\/sucurriculum.com\/noticias\/wp-json\/wp\/v2\/posts\/2190","targetHints":{"allow":["GET"]}}],"collection":[{"href":"https:\/\/sucurriculum.com\/noticias\/wp-json\/wp\/v2\/posts"}],"about":[{"href":"https:\/\/sucurriculum.com\/noticias\/wp-json\/wp\/v2\/types\/post"}],"author":[{"embeddable":true,"href":"https:\/\/sucurriculum.com\/noticias\/wp-json\/wp\/v2\/users\/2"}],"replies":[{"embeddable":true,"href":"https:\/\/sucurriculum.com\/noticias\/wp-json\/wp\/v2\/comments?post=2190"}],"version-history":[{"count":1,"href":"https:\/\/sucurriculum.com\/noticias\/wp-json\/wp\/v2\/posts\/2190\/revisions"}],"predecessor-version":[{"id":2192,"href":"https:\/\/sucurriculum.com\/noticias\/wp-json\/wp\/v2\/posts\/2190\/revisions\/2192"}],"wp:featuredmedia":[{"embeddable":true,"href":"https:\/\/sucurriculum.com\/noticias\/wp-json\/wp\/v2\/media\/2191"}],"wp:attachment":[{"href":"https:\/\/sucurriculum.com\/noticias\/wp-json\/wp\/v2\/media?parent=2190"}],"wp:term":[{"taxonomy":"category","embeddable":true,"href":"https:\/\/sucurriculum.com\/noticias\/wp-json\/wp\/v2\/categories?post=2190"},{"taxonomy":"post_tag","embeddable":true,"href":"https:\/\/sucurriculum.com\/noticias\/wp-json\/wp\/v2\/tags?post=2190"}],"curies":[{"name":"wp","href":"https:\/\/api.w.org\/{rel}","templated":true}]}}