{"id":2129,"date":"2020-07-13T18:59:00","date_gmt":"2020-07-13T16:59:00","guid":{"rendered":"https:\/\/sucurriculum.com\/noticias\/?p=2129"},"modified":"2020-07-13T18:59:01","modified_gmt":"2020-07-13T16:59:01","slug":"plastbed-creara-mas-de-medio-centenar-de-empleos","status":"publish","type":"post","link":"https:\/\/sucurriculum.com\/noticias\/plastbed-creara-mas-de-medio-centenar-de-empleos\/","title":{"rendered":"Plastbed crear\u00e1 m\u00e1s de medio centenar de empleos"},"content":{"rendered":"\n<p>El municipio jiennense de Bedmar y Garc\u00edez ha acogido el acto de colocaci\u00f3n de la primera piedra para la instalaci\u00f3n de la empresa de la empresa Plastbed, firma que se instalar\u00e1 en esta localidad y que entre sus l\u00edneas de negocio, se encuentra la fabricaci\u00f3n de pl\u00e1sticos soplados para envases, as\u00ed como el reciclado de pl\u00e1stico.<\/p>\n\n\n\n<p>Con este acto, al que ha asistido el presidente de la Diputaci\u00f3n de Ja\u00e9n, Francisco Reyes, se inicia la construcci\u00f3n de unas instalaciones en las que el Ayuntamiento de Bedmar y Garc\u00edez va a invertir 656.000 euros y donde esta empresa crear\u00e1, en principio, m\u00e1s de medio centenar de empleos.<\/p>\n\n\n\n<p>Reyes ha destacado \u201cel esfuerzo de este ayuntamiento para potenciar y diversificar la actividad industrial en la localidad, lo que conlleva la generaci\u00f3n de riqueza y empleo en el municipio\u201d. En este sentido, ha insistido en la importancia que tiene para la provincia \u201cfacilitar el emprendimiento y que peque\u00f1as, medianas y grandes empresas se instalen en nuestra tierra\u201d.<\/p>\n\n\n\n<p>Las instalaciones de Plastbed en Bedmar, de 7.500 metros cuadrados, se ubicar\u00e1n entre el actual tanatorio y el edificio de la Denominaci\u00f3n de Origen Sierra M\u00e1gina. En ellas, la empresa tiene previsto desarrollar una l\u00ednea de montaje, inyecci\u00f3n y fabricaci\u00f3n de pl\u00e1sticos soplados para envases y otra dedicada al reciclaje del pl\u00e1stico.<\/p>\n\n\n\n<p>Precisamente, el presidente de la Diputaci\u00f3n se ha referido a la importancia del pl\u00e1stico, \u201cuno de los sectores estrat\u00e9gicos de la econom\u00eda provincial, ya que Ja\u00e9n es la primera provincia en Andaluc\u00eda en cuanto a la generaci\u00f3n de puestos de trabajo en este sector\u201d.<\/p>\n\n\n\n<p>Junto a este proyecto de Plastbed y ra\u00edz de la pandemia de la covid-19 y las necesidades de material de protecci\u00f3n sanitaria, esta empresa ha iniciado en Bedmar un proyecto denominado Sanibed, orientado a la fabricaci\u00f3n de mascarillas, pantallas protectoras y material para respiradores. Esta actividad se desarrolla en unas instalaciones alquiladas por el propio Ayuntamiento de Bedmar y Garc\u00edez y ha supuesto la creaci\u00f3n de 15 puestos de trabajo.<\/p>\n\n\n\n<p>Con respecto a Sanibed, el presidente de la Diputaci\u00f3n de Ja\u00e9n ha se\u00f1alado que han presentado una solicitud de ayuda en el marco de la convocatoria para proyectos de inversi\u00f3n intensivos en creaci\u00f3n de empleo de la Administraci\u00f3n provincial, una l\u00ednea de subvenciones del Plan de Empleo y Empresa 2020 que ya ha agotado su partida inicial de 2,2 millones de euros.<\/p>\n\n\n\n<p>En este punto, Reyes ha apuntado que se est\u00e1 trabajando para \u201crealizar los ajustes presupuestarios necesarios que permitan ampliar el cr\u00e9dito hasta los cinco millones de euros y poder atender as\u00ed, tanto la solicitud de Plastbed, como las de otras empresas que han acudido a esta l\u00ednea que consiste en incentivar el 25, el 35 o 45 por ciento seg\u00fan el tama\u00f1o de las empresas, de los costes sociales y laborales de aquellas personas que se contraten durante los dos pr\u00f3ximos a\u00f1os\u201d.<\/p>\n\n\n\n<p>Francisco Reyes ha puesto en valor el esfuerzo \u201cpara atender las solicitudes de todas las empresas que concurren a esta convocatoria de ayudas porque entendemos que es fundamental para el tejido productivo de nuestra provincia facilitar que medianas y grandes empresas se instalen o crezcan en la provincia con la consiguiente generaci\u00f3n de empleo\u201d.<\/p>\n\n\n\n<p>En el marco de estas ayudas de empleo intensivo, la Diputaci\u00f3n de Ja\u00e9n ha contribuido desde 2015 a la puesta en marcha de unos treinta proyectos empresariales, con cerca de once millones de euros invertidos por parte de la Diputaci\u00f3n y m\u00e1s de 850 puestos de trabajo generados.<\/p>\n\n\n\n<p>Por su parte, el alcalde, Pablo Ruiz, ha se\u00f1alado que tras los contratiempos surgidos con el coronavirus, finalmente han podido asistir \u201ca una jornada muy importante para el futuro de nuestro pueblo, para su desarrollo y su progreso econ\u00f3mico, sobre todo por lo que va a suponer de generaci\u00f3n de empleo para los j\u00f3venes y sus posibilidades de dise\u00f1ar su futuro m\u00e1s inmediato sin tener que abandonar su localidad\u201d.<\/p>\n\n\n\n<p>Este proyecto responde al acuerdo suscrito en diciembre de 2019 entre el Ayuntamiento de Bedmar-Garciez y la empresa Plastbed mediante el cual el Consistorio bedmare\u00f1o se compromet\u00eda a la construcci\u00f3n de las dos naves, patios e instalaciones necesarias para el funcionamiento de la planta y al subarriendo de estas instalaciones a la empresa durante un per\u00edodo de 20 a\u00f1os. Por su parte, Plastbed se compromete a instalar la maquinaria necesaria y a dotar del personal preciso a la misma para llevar a cabo su actividad.<\/p>\n","protected":false},"excerpt":{"rendered":"<p>El Ayuntamiento de Bedmar y Garc\u00edez va a invertir 656.000 euros y donde esta empresa crear\u00e1, en principio, m\u00e1s de medio centenar de empleos.<\/p>\n","protected":false},"author":2,"featured_media":2130,"comment_status":"open","ping_status":"open","sticky":false,"template":"","format":"standard","meta":{"footnotes":""},"categories":[65],"tags":[594,95,498,1358],"class_list":["post-2129","post","type-post","status-publish","format-standard","has-post-thumbnail","hentry","category-ofertas-de-empleo","tag-594","tag-empleos","tag-jaen","tag-plastbed"],"amp_enabled":true,"_links":{"self":[{"href":"https:\/\/sucurriculum.com\/noticias\/wp-json\/wp\/v2\/posts\/2129","targetHints":{"allow":["GET"]}}],"collection":[{"href":"https:\/\/sucurriculum.com\/noticias\/wp-json\/wp\/v2\/posts"}],"about":[{"href":"https:\/\/sucurriculum.com\/noticias\/wp-json\/wp\/v2\/types\/post"}],"author":[{"embeddable":true,"href":"https:\/\/sucurriculum.com\/noticias\/wp-json\/wp\/v2\/users\/2"}],"replies":[{"embeddable":true,"href":"https:\/\/sucurriculum.com\/noticias\/wp-json\/wp\/v2\/comments?post=2129"}],"version-history":[{"count":1,"href":"https:\/\/sucurriculum.com\/noticias\/wp-json\/wp\/v2\/posts\/2129\/revisions"}],"predecessor-version":[{"id":2131,"href":"https:\/\/sucurriculum.com\/noticias\/wp-json\/wp\/v2\/posts\/2129\/revisions\/2131"}],"wp:featuredmedia":[{"embeddable":true,"href":"https:\/\/sucurriculum.com\/noticias\/wp-json\/wp\/v2\/media\/2130"}],"wp:attachment":[{"href":"https:\/\/sucurriculum.com\/noticias\/wp-json\/wp\/v2\/media?parent=2129"}],"wp:term":[{"taxonomy":"category","embeddable":true,"href":"https:\/\/sucurriculum.com\/noticias\/wp-json\/wp\/v2\/categories?post=2129"},{"taxonomy":"post_tag","embeddable":true,"href":"https:\/\/sucurriculum.com\/noticias\/wp-json\/wp\/v2\/tags?post=2129"}],"curies":[{"name":"wp","href":"https:\/\/api.w.org\/{rel}","templated":true}]}}