{"id":2068,"date":"2020-07-07T19:53:49","date_gmt":"2020-07-07T17:53:49","guid":{"rendered":"https:\/\/sucurriculum.com\/noticias\/?p=2068"},"modified":"2020-07-07T19:53:49","modified_gmt":"2020-07-07T17:53:49","slug":"el-puerto-de-motril-estima-que-creara-2-700-puestos-de-trabajo","status":"publish","type":"post","link":"https:\/\/sucurriculum.com\/noticias\/el-puerto-de-motril-estima-que-creara-2-700-puestos-de-trabajo\/","title":{"rendered":"El Puerto de Motril estima que crear\u00e1 2.700 Puestos de Trabajo"},"content":{"rendered":"\n<p>El Puerto de Motril (Granada) calcula en 339 millones de euros y estima en 2.700 empleos directos su contribuci\u00f3n al \u00absostenimiento\u00bb y \u00abreactivaci\u00f3n\u00bb de la econom\u00eda durante el estado de alarma y en los pr\u00f3ximos dos a\u00f1os, seg\u00fan se desprende de un informe evacuado desde presidencia. El importe resultante corresponde a la inversi\u00f3n p\u00fablica de la Autoridad Portuaria y a la privada que realizar\u00e1n las empresas.<\/p>\n\n\n\n<p>En el mismo se detallan y cuantifican las diferentes acciones comerciales desplegadas desde mediados del mes marzo y durante los 90 d\u00edas que ha durado el estado de alarma con sus sucesivas pr\u00f3rrogas, donde los puertos han desempe\u00f1ado un \u00abimportante papel\u00bb como eslab\u00f3n de la cadena log\u00edstica para el abastecimiento de productos de primera necesidad.<\/p>\n\n\n\n<p>Si hace unos d\u00edas trascendi\u00f3 que durante ese periodo por los muelles de la d\u00e1rsena motrile\u00f1a se hab\u00edan movido m\u00e1s de 500.000 toneladas de mercanc\u00edas (alcohol, pasta de papel, combustible para el transporte, abono para la agricultura y pesca) ahora se ha sabido que esa actividad ha generado 600 puestos de trabajo directos con un valor de mercado que alcanza los 305 millones de euros.<\/p>\n\n\n\n<p>Algunas empresas, por el contrario, han visto disminuida su cuenta de resultados, incluso otras han parado su negocio, el caso de las l\u00edneas mar\u00edtimas regulares, que siguen a la espera de la apertura de fronteras por parte de Marruecos.<\/p>\n\n\n\n<p>Para evitar su desaparici\u00f3n y la destrucci\u00f3n de empleo, la Autoridad Portuaria puso en marcha una serie de ayudas econ\u00f3micas al amparo de un Real Decreto del Gobierno de central, l\u00e9ase exenciones, bonificaciones y facilidades de pago, cuyo impacto en las cuentas del puerto se cifra en 1,1 millones de euros.<\/p>\n\n\n\n<p>\u00abEl Puerto de Motril puede y debe ser clave en la recuperaci\u00f3n econ\u00f3mica de nuestra regi\u00f3n. Somos conscientes de ello y, en nuestro caso, las directrices han ido dirigidas a la recuperaci\u00f3n del empleo, evitando la desaparici\u00f3n de empresas mediante ayudas econ\u00f3micas, y a fomentar la reactivaci\u00f3n de la econom\u00eda, a trav\u00e9s del mantenimiento de las inversiones y la b\u00fasqueda de nuevas concesiones que generen m\u00e1s actividad, siempre desde la perspectiva de la seguridad sanitaria\u00bb, se\u00f1ala el presidente de la Autoridad Portuaria, Jos\u00e9 Garc\u00eda Fuentes, en el informe que se ha conocido.<\/p>\n\n\n\n<p>El par\u00f3n econ\u00f3mico que ha supuesto la crisis sanitaria ha obligado a la Autoridad Portuaria a \u00abreadaptar\u00bb su Plan de Inversiones. A pesar de la p\u00e9rdida de ingresos, consecuencia de las ayudas al sector y por la reducci\u00f3n de tr\u00e1ficos de pasajeros y mercanc\u00edas con el norte de \u00c1frica, su intenci\u00f3n es realizar obras por valor de cinco millones de euros en 2020 y 4,6 millones en 2021.<\/p>\n\n\n\n<p>En ese sentido, Garc\u00eda Fuentes habla de \u00abinversiones productivas y de calado en la l\u00ednea de mejorar la accesibilidad interior del puerto, reduciendo costes y la huella de carbono\u00bb.<\/p>\n\n\n\n<p>Entre otras, se ha referido a la urbanizaci\u00f3n del muelle pesquero, que culminar\u00e1 con la remodelaci\u00f3n y mejora de su conectividad en su tr\u00e1nsito interior. El proyecto contempla la construcci\u00f3n de nuevas casetas para los pescadores y una pasarela en altura que conecte las d\u00e1rsenas comerciales de Azucenas e Interior para evitar interferencias con las operativas de las l\u00edneas regulares.<\/p>\n\n\n\n<p>En 2020 tambi\u00e9n se va a redactar el proyecto del futuro edificio de la Guardia Civil, \u00abmedioambientalmente sostenible\u00bb como el que se hizo y alberga a la Polic\u00eda Nacional.<\/p>\n\n\n\n<p>Adem\u00e1s, se van a liberar las zonas que ahora ocupan los preembarques de ferris para la construcci\u00f3n del nuevo puerto deportivo, reubic\u00e1ndose estas en la ZAL, y se va a mejor la maniobrabilidad y el acceso a los muelles de las Cargas de Proyecto, como las grandes palas de aerogeneradores, dot\u00e1ndolos de una entrada m\u00e1s r\u00e1pida y directa desde la autov\u00eda.<\/p>\n\n\n\n<p>Tambi\u00e9n se contemplan obras en materia de sostenibilidad ambiental, dirigidas principalmente a la descarbonizaci\u00f3n del transporte mar\u00edtimo, en parte subvencionadas por la Agencia Andaluza de la Energ\u00eda.<\/p>\n\n\n\n<p>Otras obras ejecutadas y pr\u00e1cticamente finalizadas durante el estado de alarma han sido el \u00c1rea de Dep\u00f3sito Temporal de mercanc\u00edas en las Azucenas y el vial principal que discurre entre Capitan\u00eda Mar\u00edtima y la nave de inspecci\u00f3n de veh\u00edculos para las l\u00edneas con el norte de \u00c1frica.<\/p>\n","protected":false},"excerpt":{"rendered":"<p>El Puerto de Motril (Granada) calcula en 339 millones de euros y estima en 2.700 empleos directos su contribuci\u00f3n al \u00absostenimiento\u00bb y \u00abreactivaci\u00f3n\u00bb de la econom\u00eda durante el estado de alarma y en los pr\u00f3ximos dos a\u00f1os.<\/p>\n","protected":false},"author":2,"featured_media":2069,"comment_status":"open","ping_status":"open","sticky":false,"template":"","format":"standard","meta":{"footnotes":""},"categories":[2],"tags":[1319,1318,95,1317,1316],"class_list":["post-2068","post","type-post","status-publish","format-standard","has-post-thumbnail","hentry","category-noticias","tag-1319","tag-creara-2","tag-empleos","tag-motril","tag-puerto"],"amp_enabled":true,"_links":{"self":[{"href":"https:\/\/sucurriculum.com\/noticias\/wp-json\/wp\/v2\/posts\/2068","targetHints":{"allow":["GET"]}}],"collection":[{"href":"https:\/\/sucurriculum.com\/noticias\/wp-json\/wp\/v2\/posts"}],"about":[{"href":"https:\/\/sucurriculum.com\/noticias\/wp-json\/wp\/v2\/types\/post"}],"author":[{"embeddable":true,"href":"https:\/\/sucurriculum.com\/noticias\/wp-json\/wp\/v2\/users\/2"}],"replies":[{"embeddable":true,"href":"https:\/\/sucurriculum.com\/noticias\/wp-json\/wp\/v2\/comments?post=2068"}],"version-history":[{"count":1,"href":"https:\/\/sucurriculum.com\/noticias\/wp-json\/wp\/v2\/posts\/2068\/revisions"}],"predecessor-version":[{"id":2070,"href":"https:\/\/sucurriculum.com\/noticias\/wp-json\/wp\/v2\/posts\/2068\/revisions\/2070"}],"wp:featuredmedia":[{"embeddable":true,"href":"https:\/\/sucurriculum.com\/noticias\/wp-json\/wp\/v2\/media\/2069"}],"wp:attachment":[{"href":"https:\/\/sucurriculum.com\/noticias\/wp-json\/wp\/v2\/media?parent=2068"}],"wp:term":[{"taxonomy":"category","embeddable":true,"href":"https:\/\/sucurriculum.com\/noticias\/wp-json\/wp\/v2\/categories?post=2068"},{"taxonomy":"post_tag","embeddable":true,"href":"https:\/\/sucurriculum.com\/noticias\/wp-json\/wp\/v2\/tags?post=2068"}],"curies":[{"name":"wp","href":"https:\/\/api.w.org\/{rel}","templated":true}]}}