{"id":2065,"date":"2020-07-07T19:41:34","date_gmt":"2020-07-07T17:41:34","guid":{"rendered":"https:\/\/sucurriculum.com\/noticias\/?p=2065"},"modified":"2020-07-07T19:41:35","modified_gmt":"2020-07-07T17:41:35","slug":"la-ce-empeora-su-prevision-de-este-ano","status":"publish","type":"post","link":"https:\/\/sucurriculum.com\/noticias\/la-ce-empeora-su-prevision-de-este-ano\/","title":{"rendered":"La CE empeora su previsi\u00f3n de este a\u00f1o"},"content":{"rendered":"\n<p>La Comisi\u00f3n Europea (CE) prev\u00e9 que la econom\u00eda espa\u00f1ola caiga un 10,9 % en 2020, un punto y medio m\u00e1s de lo que proyect\u00f3 en mayo pasado, por la contracci\u00f3n \u00absin precedentes\u00bb de la actividad en la primera mitad del a\u00f1o debido a las restricciones para frenar la pandemia, sobre todo en el sector servicios.<\/p>\n\n\n\n<p>Espa\u00f1a ser\u00e1 el segundo pa\u00eds de la Uni\u00f3n Europea (UE) m\u00e1s golpeado por la crisis este a\u00f1o, solo superado por Italia, cuyo Producto Interior Bruto (PIB) se reducir\u00e1 en un 11,2 %, y en l\u00ednea con la ca\u00edda del 10,6 % que registrar\u00e1 Francia, seg\u00fan las previsiones macroecon\u00f3micas de verano publicadas este martes por el Ejecutivo comunitario.<\/p>\n\n\n\n<p>Bruselas espera que la econom\u00eda espa\u00f1ola empiece a repuntar en el segundo semestre conforme se retiran la mayor\u00eda de restricciones y que la recuperaci\u00f3n contin\u00fae en 2021, cerrando el a\u00f1o con un crecimiento del 7,1 %, una d\u00e9cima superior al previsto por la Comisi\u00f3n en mayo. Aun as\u00ed, el PIB al finalizar 2021 ser\u00e1 todav\u00eda cuatro puntos inferior al de 2019.<\/p>\n\n\n\n<h4 class=\"wp-block-heading\">Las consecuencias de la \u00abnueva normalidad\u00bb<\/h4>\n\n\n\n<p>Una vez superada la fase m\u00e1s exigente del confinamiento, los servicios econ\u00f3micos de la Comisi\u00f3n han se\u00f1alado que la distancia social de la \u00abnueva normalidad\u00bb y los cambios en el comportamiento de los consumidores tendr\u00e1n un \u00abimpacto duradero\u00bb en aquellas actividades que requieren de \u00abinteracci\u00f3n personal\u00bb, como la hosteler\u00eda, los servicios personales o el entretenimiento.<\/p>\n\n\n\n<h4 class=\"wp-block-heading\">Desplome tambi\u00e9n en la eurozona<\/h4>\n\n\n\n<p>La previsi\u00f3n de crecimiento econ\u00f3mico en la eurozona tambi\u00e9n empeora, seg\u00fan la estimaci\u00f3n de la CE que prev\u00e9 que el producto interior bruto caer\u00e1 un 8,7 % durante 2020, mientras que para la Uni\u00f3n Europea (UE) tambi\u00e9n anticip\u00f3 una mayor bajada del PIB, del 8,3 % este a\u00f1o.<\/p>\n\n\n\n<p>En sus anteriores previsiones, publicadas en mayo, Bruselas esperaba que la pandemia de coronavirus provocara un descenso del PIB del 7,7 % en los diecinueve pa\u00edses del euro y del 7,4 % en los Veintisiete.<\/p>\n\n\n\n<p>Para 2021, el Ejecutivo comunitario sigue confiando en una recuperaci\u00f3n de la econom\u00eda y estim\u00f3 que el producto interior bruto aumentar\u00e1 un 6,1 % en el \u00e1rea de la moneda compartida y un 5,8 % en toda la UE.<\/p>\n\n\n\n<p>En cualquier caso, la Comisi\u00f3n reconoci\u00f3 en un comunicado que el crecimiento el a\u00f1o pr\u00f3ximo ser\u00e1 \u00abligeramente menos fuerte\u00bb de lo previsto en mayo, cuando se anunci\u00f3 un incremento del PIB del 6,3 % en la eurozona y del 6,1 % en el conjunto del club comunitario.<\/p>\n\n\n\n<h4 class=\"wp-block-heading\">El impacto econ\u00f3mico del confinamiento<\/h4>\n\n\n\n<p>Bruselas destac\u00f3 que el levantamiento de las medidas de confinamiento se est\u00e1 produciendo \u00aba un ritmo m\u00e1s gradual\u00bb de lo asumido en sus previsiones de primavera, por lo que el impacto en la actividad econ\u00f3mica durante 2020 \u00abser\u00e1 m\u00e1s significativo de lo anticipado\u00bb. \u00abEl impacto econ\u00f3mico del confinamiento es m\u00e1s grave de lo que esperamos inicialmente. Seguimos navegando por aguas turbulentas y afrontamos muchos riesgos, incluida otra gran ola de contagios\u00bb, declar\u00f3 el vicepresidente econ\u00f3mico de la CE, Valdis Dombrovskis.<\/p>\n\n\n\n<p>El pol\u00edtico let\u00f3n a\u00f1adi\u00f3 que las estimaciones de Bruselas son \u00abuna poderosa ilustraci\u00f3n\u00bb de los motivos por los cuales se necesita un acuerdo sobre el plan de recuperaci\u00f3n tras la pandemia, que en la actualidad negocian los Estados miembros.<\/p>\n\n\n\n<h4 class=\"wp-block-heading\">Una recuperaci\u00f3n \u00abdesigual\u00bb entre los Estados miembros<\/h4>\n\n\n\n<p>Pese al hundimiento econ\u00f3mico, la Comisi\u00f3n espera que la recuperaci\u00f3n gane tracci\u00f3n durante la segunda mitad de 2020, si bien admiti\u00f3 que ser\u00e1 \u00abincompleta y desigual entre los Estados miembros\u00bb. De hecho, el Ejecutivo comunitario subray\u00f3 que las diferencias en el impacto de la pandemia y en la \u00abfortaleza de la recuperaci\u00f3n\u00bb por pa\u00edses ser\u00e1n \u00abtodav\u00eda m\u00e1s pronunciadas\u00bb de lo adelantado en mayo.<\/p>\n\n\n\n<p>Entre las grandes econom\u00edas de la eurozona,Italia sufrir\u00e1 la mayor ca\u00edda del PIB este a\u00f1o (un 11,2 % menos), seguida de Espa\u00f1a (10,9 %),Francia (10,6 %), Holanda (6,8 %) y Alemania (6,3 %).<\/p>\n\n\n\n<p>Durante 2021, el mayor crecimiento del producto interior bruto entre esos pa\u00edses tendr\u00e1 lugar en Francia (un 7,6 % m\u00e1s), seguida de Espa\u00f1a (7,1 %), Italia (6,1 %), Alemania (5,3 %) y Holanda (4,6 %).<\/p>\n\n\n\n<p>En cuanto a la inflaci\u00f3n, la Comisi\u00f3n espera que sea del 0,3 % este a\u00f1o y del 1,1 % en 2021 en la eurozona, en tanto que en los Veintisiete se situar\u00e1 en el 0,6 % en 2020 y en el 1,3 % el ejercicio siguiente. De todas formas, la CE recalc\u00f3 que los riesgos para sus previsiones son \u00abexcepcionalmente altos y principalmente a la baja\u00bb.<\/p>\n\n\n\n<p>En ese sentido, mencion\u00f3 que se sigue desconociendo la escala y duraci\u00f3n de la pandemia, as\u00ed como la necesidad de aplicar nuevos confinamientos en el futuro. Las estimaciones de Bruselas asumen que las medidas de confinamiento seguir\u00e1n relaj\u00e1ndose y que no habr\u00e1 una segunda ola de contagios.<\/p>\n","protected":false},"excerpt":{"rendered":"<p>La Comisi\u00f3n Europea (CE) prev\u00e9 que la econom\u00eda espa\u00f1ola caiga un 10,9 % en 2020, un punto y medio m\u00e1s de lo que proyect\u00f3 en mayo pasado.<\/p>\n","protected":false},"author":2,"featured_media":2066,"comment_status":"open","ping_status":"open","sticky":false,"template":"","format":"standard","meta":{"footnotes":""},"categories":[66],"tags":[1034,1311,740,839,320,325,1315,1312,1313,1314],"class_list":["post-2065","post","type-post","status-publish","format-standard","has-post-thumbnail","hentry","category-noticias-actualidad","tag-ano","tag-comision","tag-este","tag-europea","tag-mas","tag-mayo","tag-medio","tag-prevision","tag-punto","tag-y"],"amp_enabled":true,"_links":{"self":[{"href":"https:\/\/sucurriculum.com\/noticias\/wp-json\/wp\/v2\/posts\/2065","targetHints":{"allow":["GET"]}}],"collection":[{"href":"https:\/\/sucurriculum.com\/noticias\/wp-json\/wp\/v2\/posts"}],"about":[{"href":"https:\/\/sucurriculum.com\/noticias\/wp-json\/wp\/v2\/types\/post"}],"author":[{"embeddable":true,"href":"https:\/\/sucurriculum.com\/noticias\/wp-json\/wp\/v2\/users\/2"}],"replies":[{"embeddable":true,"href":"https:\/\/sucurriculum.com\/noticias\/wp-json\/wp\/v2\/comments?post=2065"}],"version-history":[{"count":1,"href":"https:\/\/sucurriculum.com\/noticias\/wp-json\/wp\/v2\/posts\/2065\/revisions"}],"predecessor-version":[{"id":2067,"href":"https:\/\/sucurriculum.com\/noticias\/wp-json\/wp\/v2\/posts\/2065\/revisions\/2067"}],"wp:featuredmedia":[{"embeddable":true,"href":"https:\/\/sucurriculum.com\/noticias\/wp-json\/wp\/v2\/media\/2066"}],"wp:attachment":[{"href":"https:\/\/sucurriculum.com\/noticias\/wp-json\/wp\/v2\/media?parent=2065"}],"wp:term":[{"taxonomy":"category","embeddable":true,"href":"https:\/\/sucurriculum.com\/noticias\/wp-json\/wp\/v2\/categories?post=2065"},{"taxonomy":"post_tag","embeddable":true,"href":"https:\/\/sucurriculum.com\/noticias\/wp-json\/wp\/v2\/tags?post=2065"}],"curies":[{"name":"wp","href":"https:\/\/api.w.org\/{rel}","templated":true}]}}