{"id":2062,"date":"2020-07-07T19:29:58","date_gmt":"2020-07-07T17:29:58","guid":{"rendered":"https:\/\/sucurriculum.com\/noticias\/?p=2062"},"modified":"2020-07-07T19:29:59","modified_gmt":"2020-07-07T17:29:59","slug":"el-covid-19-dispara-el-paro-juvenil","status":"publish","type":"post","link":"https:\/\/sucurriculum.com\/noticias\/el-covid-19-dispara-el-paro-juvenil\/","title":{"rendered":"El COVID-19 dispara el paro juvenil"},"content":{"rendered":"\n<script data-wid=\"auto\" type=\"text\/javascript\" src=\"https:\/\/ads.viralize.tv\/display\/?zid=AADjbMtGxHhgAXJu&#038;cid=AAZJUqHBgjd8sY2w&#038;activation=adfill&#038;vip_mode=playing&#038;vip_position=bottom-right\"><\/script>\n\n\n\n<p>La COVID-19 profundiza el desempleo juvenil. Lo que ya era un problema antes de la pandemia, ha empeorado notablemente en pa\u00edses como Italia. <\/p>\n\n\n\n<p>As\u00ed lo indican las \u00faltimas cifras del ISTAT. La tasa de paro entre los italianos menores de 25 a\u00f1os alcanz\u00f3 el 23,5%, uno de los peores datos de la eurozona. <\/p>\n\n\n\n<h4 class=\"wp-block-heading\">Espa\u00f1a lidera el paro juvenil, con un 32,9%, en mayo <\/h4>\n\n\n\n<p>El coronavirus ha golpeado con fuerza a j\u00f3venes reci\u00e9n graduados en la universidad, en busca de su primera oportunidad laboral, y tambi\u00e9n a j\u00f3venes profesionales, cuyas carreras han quedado congeladas. Ignazio Furfaro es estudiante y ser\u00e1 ingeniero en septiembre. Aunque es optimista, le est\u00e1 costando encontrar algo: \u00abMand\u00e9 unos curr\u00edculums y aunque me respondieron, todos me dijeron que a causa de la COVID el reclutamiento hab\u00eda sido suspendido\u00bb . <\/p>\n\n\n\n<p>Pero no solo es un problema para los graduados o licenciados universitarios. \u00abAdem\u00e1s de a los menores de 25 a\u00f1os, ha afectado a los j\u00f3venes de entre 25 y 34 a\u00f1os. Antes de la COVID la tasa de desempleo en esa franja de edad hab\u00eda perdido ocho puntos en comparaci\u00f3n con 2008 y hoy se han perdido dos puntos m\u00e1s, con consecuencias a la hora de independizarse, formar una familia o tener hijos\u00bb , explica Linda Laura Sabbadini, directora central del ISTAT. La mayor\u00eda de quienes trabajan en sectores creativos est\u00e1n encontrando dif\u00edcil volver a trabajar. <\/p>\n\n\n\n<p>Giorgia Ciotola tiene 30 a\u00f1os y sol\u00eda trabajar como actriz: \u00abHe luchado durante a\u00f1os para vivir de trabajos art\u00edsticos, como ense\u00f1ar teatro o hacer de payasa en hospitales infantiles. Ahora, me pesa tener que trabajar como ni\u00f1era, porque no es lo que quiero hacer\u00bb . <\/p>\n\n\n\n<p>Seg\u00fan la Organizaci\u00f3n Internacional del Trabajo (OIT), m\u00e1s de uno de cada seis j\u00f3venes est\u00e1 fuera del mercado laboral debido a la pandemia. Lo que significa que las j\u00f3venes generaciones son las m\u00e1s afectadas, y no solo en Italia. \u00abLos j\u00f3venes profesionales en Italia y en otros pa\u00edses comparten el hecho de que trabajan principalmente en los sectores m\u00e1s golpeados por la crisis, como la hosteler\u00eda y el turismo, las manufacturas y las ventas y el comercio minorista. <\/p>\n\n\n\n<p>El otro aspecto que tienen en com\u00fan es que los j\u00f3venes son los m\u00e1s precarios en el mercado laboral\u00bb, se\u00f1ala Gianni Rosas, director de la Oficina para Italia y San Marino de la OIT. Con una econom\u00eda estancada durante d\u00e9cadas, Italia se enfrenta a un problema de larga duraci\u00f3n, la fuga de cerebros. J\u00f3venes formados que no encuentran trabajo en Italia se ven obligados a emigrar. Aunque con la situaci\u00f3n actual, ni siquiera abandonar el pa\u00eds es una opci\u00f3n.<\/p>\n","protected":false},"excerpt":{"rendered":"<p>La COVID-19 profundiza el desempleo juvenil. Lo que ya era un problema antes de la pandemia, ha empeorado notablemente en pa\u00edses como Italia. <\/p>\n","protected":false},"author":2,"featured_media":2063,"comment_status":"open","ping_status":"open","sticky":false,"template":"","format":"standard","meta":{"footnotes":""},"categories":[66],"tags":[396,370,1309,1310,31],"class_list":["post-2062","post","type-post","status-publish","format-standard","has-post-thumbnail","hentry","category-noticias-actualidad","tag-396","tag-covid","tag-dispara","tag-juvenil","tag-paro"],"amp_enabled":true,"_links":{"self":[{"href":"https:\/\/sucurriculum.com\/noticias\/wp-json\/wp\/v2\/posts\/2062","targetHints":{"allow":["GET"]}}],"collection":[{"href":"https:\/\/sucurriculum.com\/noticias\/wp-json\/wp\/v2\/posts"}],"about":[{"href":"https:\/\/sucurriculum.com\/noticias\/wp-json\/wp\/v2\/types\/post"}],"author":[{"embeddable":true,"href":"https:\/\/sucurriculum.com\/noticias\/wp-json\/wp\/v2\/users\/2"}],"replies":[{"embeddable":true,"href":"https:\/\/sucurriculum.com\/noticias\/wp-json\/wp\/v2\/comments?post=2062"}],"version-history":[{"count":1,"href":"https:\/\/sucurriculum.com\/noticias\/wp-json\/wp\/v2\/posts\/2062\/revisions"}],"predecessor-version":[{"id":2064,"href":"https:\/\/sucurriculum.com\/noticias\/wp-json\/wp\/v2\/posts\/2062\/revisions\/2064"}],"wp:featuredmedia":[{"embeddable":true,"href":"https:\/\/sucurriculum.com\/noticias\/wp-json\/wp\/v2\/media\/2063"}],"wp:attachment":[{"href":"https:\/\/sucurriculum.com\/noticias\/wp-json\/wp\/v2\/media?parent=2062"}],"wp:term":[{"taxonomy":"category","embeddable":true,"href":"https:\/\/sucurriculum.com\/noticias\/wp-json\/wp\/v2\/categories?post=2062"},{"taxonomy":"post_tag","embeddable":true,"href":"https:\/\/sucurriculum.com\/noticias\/wp-json\/wp\/v2\/tags?post=2062"}],"curies":[{"name":"wp","href":"https:\/\/api.w.org\/{rel}","templated":true}]}}