{"id":1990,"date":"2020-06-30T20:40:35","date_gmt":"2020-06-30T18:40:35","guid":{"rendered":"https:\/\/sucurriculum.com\/noticias\/?p=1990"},"modified":"2020-07-02T10:12:57","modified_gmt":"2020-07-02T08:12:57","slug":"leroy-merlin-lanza-gran-cantidad-de-ofertas-de-empleo-para-la-campana-de-verano","status":"publish","type":"post","link":"https:\/\/sucurriculum.com\/noticias\/leroy-merlin-lanza-gran-cantidad-de-ofertas-de-empleo-para-la-campana-de-verano\/","title":{"rendered":"Leroy Merlin lanza Gran Cantidad de Ofertas de Empleo para la campa\u00f1a de Verano"},"content":{"rendered":"\n<p>Leroy Merlin ya est\u00e1 preparando la campa\u00f1a de verano y buscan trabajadores para reforzar su plantilla.<\/p>\n\n\n\n<p>En Madrid Trabaja, Rodrigo de Salas, director de Comunicaci\u00f3n de Leroy Merl\u00edn, ha explicado que necesitan cubrir plazas de cajeros, de log\u00edstica y de expertos en jardiner\u00eda para atender una de las secciones m\u00e1s demandadas durante el verano.<\/p>\n\n\n\n<p>El responsable de Leroy Merlin ha explicado que en el caso de la Comunidad de Madrid, tienen 176 ofertas de empleo en estos momentos para el verano aunque es posible que se incrementen durante las pr\u00f3ximas semanas una vez que puedan abrir todos los centros completamente a partir de la Fase II.<\/p>\n\n\n\n<p>En toda Espa\u00f1a, Leroy Merlin necesita incorporar a dos mil nuevos trabajadores y De Salas ha reconocido que alguno de ellos, es posible que se mantengan en la empresa m\u00e1s all\u00e1 de los meses estivales. Pod\u00e9is acceder a su web de empleo e inscribiros a las ofertas disponibles a trav\u00e9s de <a href=\"https:\/\/empleo.leroymerlin.es\/\">este enlace<\/a>. <\/p>\n","protected":false},"excerpt":{"rendered":"<p>Leroy Merlin ya est\u00e1 preparando la campa\u00f1a de verano y buscan trabajadores para reforzar su plantilla.<\/p>\n","protected":false},"author":2,"featured_media":1991,"comment_status":"open","ping_status":"open","sticky":false,"template":"","format":"standard","meta":{"footnotes":""},"categories":[65],"tags":[137,959,960],"class_list":["post-1990","post","type-post","status-publish","format-standard","has-post-thumbnail","hentry","category-ofertas-de-empleo","tag-empleo","tag-leroy","tag-merlin"],"amp_enabled":true,"_links":{"self":[{"href":"https:\/\/sucurriculum.com\/noticias\/wp-json\/wp\/v2\/posts\/1990","targetHints":{"allow":["GET"]}}],"collection":[{"href":"https:\/\/sucurriculum.com\/noticias\/wp-json\/wp\/v2\/posts"}],"about":[{"href":"https:\/\/sucurriculum.com\/noticias\/wp-json\/wp\/v2\/types\/post"}],"author":[{"embeddable":true,"href":"https:\/\/sucurriculum.com\/noticias\/wp-json\/wp\/v2\/users\/2"}],"replies":[{"embeddable":true,"href":"https:\/\/sucurriculum.com\/noticias\/wp-json\/wp\/v2\/comments?post=1990"}],"version-history":[{"count":1,"href":"https:\/\/sucurriculum.com\/noticias\/wp-json\/wp\/v2\/posts\/1990\/revisions"}],"predecessor-version":[{"id":1992,"href":"https:\/\/sucurriculum.com\/noticias\/wp-json\/wp\/v2\/posts\/1990\/revisions\/1992"}],"wp:featuredmedia":[{"embeddable":true,"href":"https:\/\/sucurriculum.com\/noticias\/wp-json\/wp\/v2\/media\/1991"}],"wp:attachment":[{"href":"https:\/\/sucurriculum.com\/noticias\/wp-json\/wp\/v2\/media?parent=1990"}],"wp:term":[{"taxonomy":"category","embeddable":true,"href":"https:\/\/sucurriculum.com\/noticias\/wp-json\/wp\/v2\/categories?post=1990"},{"taxonomy":"post_tag","embeddable":true,"href":"https:\/\/sucurriculum.com\/noticias\/wp-json\/wp\/v2\/tags?post=1990"}],"curies":[{"name":"wp","href":"https:\/\/api.w.org\/{rel}","templated":true}]}}