{"id":1987,"date":"2020-06-30T20:25:37","date_gmt":"2020-06-30T18:25:37","guid":{"rendered":"https:\/\/sucurriculum.com\/noticias\/?p=1987"},"modified":"2020-06-30T20:25:38","modified_gmt":"2020-06-30T18:25:38","slug":"mapfre-apoya-el-empleo-con-1500-ayudas-economicas","status":"publish","type":"post","link":"https:\/\/sucurriculum.com\/noticias\/mapfre-apoya-el-empleo-con-1500-ayudas-economicas\/","title":{"rendered":"MAPFRE APOYA EL EMPLEO CON 1500 AYUDAS ECON\u00d3MICAS"},"content":{"rendered":"\n<p><a href=\"https:\/\/www.fundacionmapfre.org\/fundacion\/es_es\/covid-19\/\">La Fundaci\u00f3n MAPFRE<\/a> ha decidido contribuir a luchar contra la crisis desatada por la pandemia de Covid-19 y m\u00e1s concretamente a la destrucci\u00f3n de empleo que ha generado y las consecuencias econ\u00f3micas y efectos sociales derivados de ello. Para ello, destinar\u00e1 5,5 millones de euros en ayudas para tratar de contribuir a reactivar el tejido productivo espa\u00f1ol, intentando que se mantenga e impulse el empleo.<\/p>\n\n\n\n<p>Con estos objetivos en mente acaba de lanzar \u00abAccedemos COVID-19\u00bb: 1.500 ayudas que ir\u00e1n a parar a peque\u00f1as empresas, aut\u00f3nomos y entidades sociales para que puedan tanto mantener sus puestos de trabajo previos a la declaraci\u00f3n del estado de alarma, como a generar nuevos empleos.<\/p>\n\n\n\n<p>Cada una de estas ayudas se extienden un total de 9 meses y brinda la posibilidad de contratar a personas sin l\u00edmite de edad (siempre que sean mayores de 18 a\u00f1os), y que lleven, al menos, un mes en situaci\u00f3n legal de desempleo. Teniendo que estar contratados a media o jornada completa, excluyendo los contratos por obra y servicio y el autoempleo.<\/p>\n\n\n\n<p>La convocatoria da pues prioridad al mantenimiento y creaci\u00f3n de empleo para j\u00f3venes y mayores de 50 a\u00f1os, buscando adem\u00e1s actuar de forma m\u00e1s efectiva en las regiones de Espa\u00f1a m\u00e1s castigadas por la pandemia a nivel econ\u00f3mico y social.<\/p>\n\n\n\n<p>Los contratos de jornada completa se llevar\u00e1n una ayuda de hasta 4.500 euros divididos en mensualidades de hasta 500. Mientras que los de media jornada contar\u00e1n con una ayuda de hasta 2.700 euros en mensualidades de hasta 300 euros. Las ayudas est\u00e1n \u00fanica y exclusivamente dirigidas a peque\u00f1as empresas, aut\u00f3nomos y entidades sociales con un m\u00e1ximo de 5 empleados. Pod\u00e9is acceder pulsando <a href=\"https:\/\/www.fundacionmapfre.org\/fundacion\/es_es\/covid-19\/\">aqu\u00ed<\/a>. <\/p>\n","protected":false},"excerpt":{"rendered":"<p>La Fundaci\u00f3n lanza una convocatoria extraordinaria de ayudas para fomentar el mantenimiento y generaci\u00f3n de empleo en Espa\u00f1a.<\/p>\n","protected":false},"author":2,"featured_media":1988,"comment_status":"open","ping_status":"open","sticky":false,"template":"","format":"standard","meta":{"footnotes":""},"categories":[35],"tags":[1267,37,137,1268,1266],"class_list":["post-1987","post","type-post","status-publish","format-standard","has-post-thumbnail","hentry","category-ayudas","tag-1267","tag-ayudas","tag-empleo","tag-fundacion","tag-mapfre"],"amp_enabled":true,"_links":{"self":[{"href":"https:\/\/sucurriculum.com\/noticias\/wp-json\/wp\/v2\/posts\/1987","targetHints":{"allow":["GET"]}}],"collection":[{"href":"https:\/\/sucurriculum.com\/noticias\/wp-json\/wp\/v2\/posts"}],"about":[{"href":"https:\/\/sucurriculum.com\/noticias\/wp-json\/wp\/v2\/types\/post"}],"author":[{"embeddable":true,"href":"https:\/\/sucurriculum.com\/noticias\/wp-json\/wp\/v2\/users\/2"}],"replies":[{"embeddable":true,"href":"https:\/\/sucurriculum.com\/noticias\/wp-json\/wp\/v2\/comments?post=1987"}],"version-history":[{"count":1,"href":"https:\/\/sucurriculum.com\/noticias\/wp-json\/wp\/v2\/posts\/1987\/revisions"}],"predecessor-version":[{"id":1989,"href":"https:\/\/sucurriculum.com\/noticias\/wp-json\/wp\/v2\/posts\/1987\/revisions\/1989"}],"wp:featuredmedia":[{"embeddable":true,"href":"https:\/\/sucurriculum.com\/noticias\/wp-json\/wp\/v2\/media\/1988"}],"wp:attachment":[{"href":"https:\/\/sucurriculum.com\/noticias\/wp-json\/wp\/v2\/media?parent=1987"}],"wp:term":[{"taxonomy":"category","embeddable":true,"href":"https:\/\/sucurriculum.com\/noticias\/wp-json\/wp\/v2\/categories?post=1987"},{"taxonomy":"post_tag","embeddable":true,"href":"https:\/\/sucurriculum.com\/noticias\/wp-json\/wp\/v2\/tags?post=1987"}],"curies":[{"name":"wp","href":"https:\/\/api.w.org\/{rel}","templated":true}]}}