{"id":1980,"date":"2020-06-30T20:05:12","date_gmt":"2020-06-30T18:05:12","guid":{"rendered":"https:\/\/sucurriculum.com\/noticias\/?p=1980"},"modified":"2020-06-30T20:05:12","modified_gmt":"2020-06-30T18:05:12","slug":"300-000-trabajadores-se-iran-al-paro-si-no-se-prorrogan-mas-los-erte","status":"publish","type":"post","link":"https:\/\/sucurriculum.com\/noticias\/300-000-trabajadores-se-iran-al-paro-si-no-se-prorrogan-mas-los-erte\/","title":{"rendered":"300.000 trabajadores se ir\u00e1n al paro si no se prorrogan m\u00e1s los ERTE"},"content":{"rendered":"\n<p>El empleo est\u00e1 en riesgo en 2020. De no facilitarse las ayudas a las empresas, alrededor de 52.000 ERTE por fuerza mayor podr\u00edan convertirse en ERE antes de final de a\u00f1o, seg\u00fan una encuesta del Consejo General de Colegios de Gestores Administrativos. Y detr\u00e1s de esa cifra hay trabajadores: concretamente, 300.000 personas m\u00e1s que se ir\u00edan al paro.<\/p>\n\n\n\n<p>\u00abEs necesario tomar medidas urgentes que permitan a las empresas retrasar previsibles cierres y mantener los ERTE en tanto no mejora la situaci\u00f3n econ\u00f3mica y van recuperando sus niveles de ingresos\u00bb, afirma Fernando Santiago, presidente de los gestores administrativos. Cabe recordar que la \u00faltima negociaci\u00f3n para extender esa medida anticrisis hasta el 30 de septiembre necesit\u00f3 de varias reuniones entre el Gobierno y los agentes sociales para acercar posturas. Los empresarios esperan poder prorrogar los ERTE hasta cierre de 2020.<\/p>\n\n\n\n<p>Asimismo, la encuesta se\u00f1ala que el 46% de las empresas acogidas a esta situaci\u00f3n van a agotar el plazo que les otorgue el Ejecutivo para tratar de mantener el empleo, vi\u00e9ndose afectado el 33% de los trabajadores incluidos en un Expediente de Regulaci\u00f3n Temporal de Empleo.<\/p>\n\n\n\n<p>Sin embargo, los problemas no terminan ah\u00ed. Los propios gestores administrativos alertaron a principios de junio de que a\u00fan hab\u00eda casi 500.000 trabajadores que no hab\u00edan cobrado la prestaci\u00f3n por ERTE desde el mes de marzo. Ahora han actualizado dicha cantidad y concluyen, por las cifras de las que disponen, que todav\u00eda existen 200.000 personas sin haber recibido el dinero.<\/p>\n\n\n\n<p>\u00abTras m\u00e1s de tres meses desde que se solicitaron los ERTE no podemos entender que siga existiendo un n\u00famero tan elevado de trabajadores sin cobrar; nos preocupa que nos acostumbremos a escuchar las denuncias por parte de los trabajadores que no cobran, porque sin presi\u00f3n esta situaci\u00f3n dif\u00edcilmente se va a desatascar\u00bb, se\u00f1ala Santiago. En este sentido, conf\u00eda en que este problema se resuelva cuanto antes.<\/p>\n","protected":false},"excerpt":{"rendered":"<p>El empleo est\u00e1 en riesgo en 2020. De no facilitarse las ayudas a las empresas, alrededor de 52.000 ERTE por fuerza mayor podr\u00edan convertirse en ERE antes de final de a\u00f1o.<\/p>\n","protected":false},"author":2,"featured_media":1981,"comment_status":"open","ping_status":"open","sticky":false,"template":"","format":"standard","meta":{"footnotes":""},"categories":[2],"tags":[736,239,1261,31,1262,18],"class_list":["post-1980","post","type-post","status-publish","format-standard","has-post-thumbnail","hentry","category-noticias","tag-736","tag-erte","tag-iran","tag-paro","tag-prorrogan","tag-trabajadores"],"amp_enabled":true,"_links":{"self":[{"href":"https:\/\/sucurriculum.com\/noticias\/wp-json\/wp\/v2\/posts\/1980","targetHints":{"allow":["GET"]}}],"collection":[{"href":"https:\/\/sucurriculum.com\/noticias\/wp-json\/wp\/v2\/posts"}],"about":[{"href":"https:\/\/sucurriculum.com\/noticias\/wp-json\/wp\/v2\/types\/post"}],"author":[{"embeddable":true,"href":"https:\/\/sucurriculum.com\/noticias\/wp-json\/wp\/v2\/users\/2"}],"replies":[{"embeddable":true,"href":"https:\/\/sucurriculum.com\/noticias\/wp-json\/wp\/v2\/comments?post=1980"}],"version-history":[{"count":1,"href":"https:\/\/sucurriculum.com\/noticias\/wp-json\/wp\/v2\/posts\/1980\/revisions"}],"predecessor-version":[{"id":1982,"href":"https:\/\/sucurriculum.com\/noticias\/wp-json\/wp\/v2\/posts\/1980\/revisions\/1982"}],"wp:featuredmedia":[{"embeddable":true,"href":"https:\/\/sucurriculum.com\/noticias\/wp-json\/wp\/v2\/media\/1981"}],"wp:attachment":[{"href":"https:\/\/sucurriculum.com\/noticias\/wp-json\/wp\/v2\/media?parent=1980"}],"wp:term":[{"taxonomy":"category","embeddable":true,"href":"https:\/\/sucurriculum.com\/noticias\/wp-json\/wp\/v2\/categories?post=1980"},{"taxonomy":"post_tag","embeddable":true,"href":"https:\/\/sucurriculum.com\/noticias\/wp-json\/wp\/v2\/tags?post=1980"}],"curies":[{"name":"wp","href":"https:\/\/api.w.org\/{rel}","templated":true}]}}